{"id":1066,"date":"2020-02-07T08:49:01","date_gmt":"2020-02-07T08:49:01","guid":{"rendered":"http:\/\/roger.projects.uvt.ro\/?p=1066"},"modified":"2023-03-07T11:15:56","modified_gmt":"2023-03-07T11:15:56","slug":"februarie-2020-wces-istanbul-turcia-prezentare-virtuala","status":"publish","type":"post","link":"http:\/\/roger.projects.uvt.ro\/ro\/februarie-2020-wces-istanbul-turcia-prezentare-virtuala\/","title":{"rendered":"Februarie 2020, WCES, Istanbul, Turcia (prezentare virtual\u0103)"},"content":{"rendered":"\t\t<div data-elementor-type=\"wp-post\" data-elementor-id=\"1066\" class=\"elementor elementor-1066\">\n\t\t\t\t\t\t\t\t\t<section class=\"elementor-section elementor-top-section elementor-element elementor-element-d55d4ee elementor-section-boxed elementor-section-height-default elementor-section-height-default\" data-id=\"d55d4ee\" data-element_type=\"section\">\n\t\t\t\t\t\t<div class=\"elementor-container elementor-column-gap-default\">\n\t\t\t\t\t<div class=\"elementor-column elementor-col-100 elementor-top-column elementor-element elementor-element-abaf6a3\" data-id=\"abaf6a3\" data-element_type=\"column\">\n\t\t\t<div class=\"elementor-widget-wrap elementor-element-populated\">\n\t\t\t\t\t\t\t\t<div class=\"elementor-element elementor-element-a5b7bfb elementor-widget elementor-widget-text-editor\" data-id=\"a5b7bfb\" data-element_type=\"widget\" data-widget_type=\"text-editor.default\">\n\t\t\t\t<div class=\"elementor-widget-container\">\n\t\t\t<style>\/*! elementor - v3.11.2 - 22-02-2023 *\/\n.elementor-widget-text-editor.elementor-drop-cap-view-stacked .elementor-drop-cap{background-color:#818a91;color:#fff}.elementor-widget-text-editor.elementor-drop-cap-view-framed .elementor-drop-cap{color:#818a91;border:3px solid;background-color:transparent}.elementor-widget-text-editor:not(.elementor-drop-cap-view-default) .elementor-drop-cap{margin-top:8px}.elementor-widget-text-editor:not(.elementor-drop-cap-view-default) .elementor-drop-cap-letter{width:1em;height:1em}.elementor-widget-text-editor .elementor-drop-cap{float:left;text-align:center;line-height:1;font-size:50px}.elementor-widget-text-editor .elementor-drop-cap-letter{display:inline-block}<\/style>\t\t\t\t<p>Conferin\u021ba\u00a0<em>12th World Conference on Educational Sciences<\/em>\u00a0(WCES-2020) a fost organizat\u0103 \u00een Februarie 2020 (06-08) de c\u0103tre Universitatea Ayvansaray, Istanbul, Turcia. Tema principal\u0103 a conferin\u021bei a fost \u201cMulticultural education\u201d (educa\u021bia multicultural\u0103).<\/p><p>Dr Madalina Chitez \u0219i Dr Loredana Bercuci au reprezentat Universitatea de Vest din Timi\u0219oara cu lucrarea \u201eCalibrating digital method integration into ESP courses according to disciplinary settings\u201d (\u201eAdaptarea integrarii metodelor digitale \u00een cursurile de englez\u0103 pentru scopuri specifice la particularit\u0103\u021bile disciplinelor\u201c).<\/p><p>Prezentarea a fost \u00een format virtual.<\/p><p>\u00a0<\/p><p>Rezumat:<\/p><p><em>Acest studiu analizeaz\u0103 efectele unei strategii de predare \u00eentr-un curs ESP (\u201cengleza pentru scopuri specifice\u201d), \u00een care sunt introduse progresiv exerci\u021bii ghidate de lingvistic\u0103 de corpus, pentru a \u00eembun\u0103t\u0103\u021bi scrierea academic\u0103 a studen\u021bilor.\u00a0<\/em><em>Studiul const\u0103 \u00een diferite etape de procesare, consultare \u0219i analiz\u0103 a corpusului bazate pe sarcini de lucru, fiecare av\u00e2nd un nivel de complexitate diferit: compilarea unui corpus de tip expert specific disciplinei, consultarea unui corpus de limb\u0103 englez\u0103 L1, analize ale ambelor tipuri. Rezultatele pre \u0219i post-interven\u021bie sunt evaluate cantitativ \u0219i calitativ, control\u00e2nd specificul disciplinei. Rezultatele unui sondaj de satisfac\u021bie a consult\u0103rii de corpus sunt, de asemenea, incluse \u00een analiz\u0103. Concluzion\u0103m prin faptul c\u0103 metodele de consultare de corpus duc la \u00eembun\u0103t\u0103\u021birea scrierii studen\u021bilor de la cursurile ESP, cresc\u00e2nd totodat\u0103 motiva\u021bia educabililor.<\/em><\/p><p>Cuvinte-cheie: academic writing (\u201cscriere academic\u0103\u201d), corpus consultation (\u201cconsultare de corpus lingvistic\u201d), expert corpus (\u201ccorpus lingvistic de tip expert\u201d), English for Specific Purposes (\u201cengleza pentru scopuri specifice\u201d), computer-assisted language learning (\u201c\u00eenv\u0103\u021bare de limbi cu ajutorul calculatorului\u201d)<\/p>\t\t\t\t\t\t<\/div>\n\t\t\t\t<\/div>\n\t\t\t\t\t<\/div>\n\t\t<\/div>\n\t\t\t\t\t\t\t<\/div>\n\t\t<\/section>\n\t\t\t\t<section class=\"elementor-section elementor-top-section elementor-element elementor-element-2dcf4b4 elementor-section-boxed elementor-section-height-default elementor-section-height-default\" data-id=\"2dcf4b4\" data-element_type=\"section\">\n\t\t\t\t\t\t<div class=\"elementor-container elementor-column-gap-default\">\n\t\t\t\t\t<div class=\"elementor-column elementor-col-100 elementor-top-column elementor-element elementor-element-09a0eec\" data-id=\"09a0eec\" data-element_type=\"column\">\n\t\t\t<div class=\"elementor-widget-wrap elementor-element-populated\">\n\t\t\t\t\t\t\t\t<div class=\"elementor-element elementor-element-96a9516 elementor-widget elementor-widget-text-editor\" data-id=\"96a9516\" data-element_type=\"widget\" data-widget_type=\"text-editor.default\">\n\t\t\t\t<div class=\"elementor-widget-container\">\n\t\t\t\t\t\t\t<p>Articolul care prezint\u0103 principalele rezultate ale lucr\u0103rii \u0219tiin\u021bifice a fost publicat aici:<\/p><p>Chitez, M. &amp; Bercuci, L. (2020). Calibrating digital method integration into ESP courses according to disciplinary settings.\u00a0<em>New Trends and Issues Proceedings on Humanities and Social Sciences<\/em>, 7(1), 20-29;\u00a0<a href=\"https:\/\/doi.org\/10.18844\/prosoc.v7i1.4862\">https:\/\/doi.org\/10.18844\/prosoc.v7i1.4862<\/a>; available at:\u00a0<a href=\"https:\/\/un-pub.eu\/ojs\/index.php\/pntsbs\/article\/view\/4862\">https:\/\/un-pub.eu\/ojs\/index.php\/pntsbs\/article\/view\/4862<\/a><\/p><p>\u00a0<\/p>\t\t\t\t\t\t<\/div>\n\t\t\t\t<\/div>\n\t\t\t\t\t<\/div>\n\t\t<\/div>\n\t\t\t\t\t\t\t<\/div>\n\t\t<\/section>\n\t\t\t\t<section class=\"elementor-section elementor-top-section elementor-element elementor-element-8204da8 elementor-section-boxed elementor-section-height-default elementor-section-height-default\" data-id=\"8204da8\" data-element_type=\"section\">\n\t\t\t\t\t\t<div class=\"elementor-container elementor-column-gap-default\">\n\t\t\t\t\t<div class=\"elementor-column elementor-col-100 elementor-top-column elementor-element elementor-element-a862c96\" data-id=\"a862c96\" data-element_type=\"column\">\n\t\t\t<div class=\"elementor-widget-wrap elementor-element-populated\">\n\t\t\t\t\t\t\t\t<div class=\"elementor-element elementor-element-e37d9b8 elementor-post-navigation-borders-yes elementor-widget elementor-widget-post-navigation\" data-id=\"e37d9b8\" data-element_type=\"widget\" data-widget_type=\"post-navigation.default\">\n\t\t\t\t<div class=\"elementor-widget-container\">\n\t\t\t<link rel=\"stylesheet\" href=\"http:\/\/roger.projects.uvt.ro\/wp-content\/plugins\/elementor-pro\/assets\/css\/widget-theme-elements.min.css\">\t\t<div class=\"elementor-post-navigation\">\n\t\t\t<div class=\"elementor-post-navigation__prev elementor-post-navigation__link\">\n\t\t\t\t<a href=\"http:\/\/roger.projects.uvt.ro\/ro\/decembrie-2019-workshop-digitt\/\" rel=\"prev\"><span class=\"post-navigation__arrow-wrapper post-navigation__arrow-prev\"><i class=\"fa fa-angle-left\" aria-hidden=\"true\"><\/i><span class=\"elementor-screen-only\">Prev<\/span><\/span><span class=\"elementor-post-navigation__link__prev\"><span class=\"post-navigation__prev--label\">Previous<\/span><span class=\"post-navigation__prev--title\">Decembrie 2019, workshop DIGITT<\/span><\/span><\/a>\t\t\t<\/div>\n\t\t\t\t\t\t\t<div class=\"elementor-post-navigation__separator-wrapper\">\n\t\t\t\t\t<div class=\"elementor-post-navigation__separator\"><\/div>\n\t\t\t\t<\/div>\n\t\t\t\t\t\t<div class=\"elementor-post-navigation__next elementor-post-navigation__link\">\n\t\t\t\t<a href=\"http:\/\/roger.projects.uvt.ro\/ro\/februarie-2020-training-pentru-voluntarii-si-practicantii-codhus\/\" rel=\"next\"><span class=\"elementor-post-navigation__link__next\"><span class=\"post-navigation__next--label\">Next<\/span><span class=\"post-navigation__next--title\">Februarie 2020, Training pentru voluntarii \u0219i practican\u021bii CODHUS<\/span><\/span><span class=\"post-navigation__arrow-wrapper post-navigation__arrow-next\"><i class=\"fa fa-angle-right\" aria-hidden=\"true\"><\/i><span class=\"elementor-screen-only\">Next<\/span><\/span><\/a>\t\t\t<\/div>\n\t\t<\/div>\n\t\t\t\t<\/div>\n\t\t\t\t<\/div>\n\t\t\t\t\t<\/div>\n\t\t<\/div>\n\t\t\t\t\t\t\t<\/div>\n\t\t<\/section>\n\t\t\t\t\t\t\t<\/div>\n\t\t","protected":false},"excerpt":{"rendered":"<p>Conferin\u021ba\u00a012th World Conference on Educational Sciences\u00a0(WCES-2020) a fost organizat\u0103 \u00een Februarie 2020 (06-08) de c\u0103tre Universitatea Ayvansaray, Istanbul, Turcia. Tema principal\u0103 a conferin\u021bei a fost \u201cMulticultural education\u201d (educa\u021bia multicultural\u0103). Dr Madalina Chitez \u0219i Dr Loredana Bercuci au reprezentat Universitatea de Vest din Timi\u0219oara cu lucrarea \u201eCalibrating digital method integration into ESP courses according to disciplinary [&hellip;]<\/p>\n","protected":false},"author":3,"featured_media":0,"comment_status":"open","ping_status":"open","sticky":false,"template":"elementor_header_footer","format":"standard","meta":[],"categories":[5],"tags":[],"_links":{"self":[{"href":"http:\/\/roger.projects.uvt.ro\/ro\/wp-json\/wp\/v2\/posts\/1066"}],"collection":[{"href":"http:\/\/roger.projects.uvt.ro\/ro\/wp-json\/wp\/v2\/posts"}],"about":[{"href":"http:\/\/roger.projects.uvt.ro\/ro\/wp-json\/wp\/v2\/types\/post"}],"author":[{"embeddable":true,"href":"http:\/\/roger.projects.uvt.ro\/ro\/wp-json\/wp\/v2\/users\/3"}],"replies":[{"embeddable":true,"href":"http:\/\/roger.projects.uvt.ro\/ro\/wp-json\/wp\/v2\/comments?post=1066"}],"version-history":[{"count":4,"href":"http:\/\/roger.projects.uvt.ro\/ro\/wp-json\/wp\/v2\/posts\/1066\/revisions"}],"predecessor-version":[{"id":1072,"href":"http:\/\/roger.projects.uvt.ro\/ro\/wp-json\/wp\/v2\/posts\/1066\/revisions\/1072"}],"wp:attachment":[{"href":"http:\/\/roger.projects.uvt.ro\/ro\/wp-json\/wp\/v2\/media?parent=1066"}],"wp:term":[{"taxonomy":"category","embeddable":true,"href":"http:\/\/roger.projects.uvt.ro\/ro\/wp-json\/wp\/v2\/categories?post=1066"},{"taxonomy":"post_tag","embeddable":true,"href":"http:\/\/roger.projects.uvt.ro\/ro\/wp-json\/wp\/v2\/tags?post=1066"}],"curies":[{"name":"wp","href":"https:\/\/api.w.org\/{rel}","templated":true}]}}