{"id":1101,"date":"2020-12-07T08:58:32","date_gmt":"2020-12-07T08:58:32","guid":{"rendered":"http:\/\/roger.projects.uvt.ro\/?p=1101"},"modified":"2023-03-07T11:14:25","modified_gmt":"2023-03-07T11:14:25","slug":"decembrie-2020-workshopuri-din-seria-digitt","status":"publish","type":"post","link":"http:\/\/roger.projects.uvt.ro\/ro\/decembrie-2020-workshopuri-din-seria-digitt\/","title":{"rendered":"Decembrie 2020, workshopuri din seria DIGITT"},"content":{"rendered":"\t\t<div data-elementor-type=\"wp-post\" data-elementor-id=\"1101\" class=\"elementor elementor-1101\">\n\t\t\t\t\t\t\t\t\t<section class=\"elementor-section elementor-top-section elementor-element elementor-element-d55d4ee elementor-section-boxed elementor-section-height-default elementor-section-height-default\" data-id=\"d55d4ee\" data-element_type=\"section\">\n\t\t\t\t\t\t<div class=\"elementor-container elementor-column-gap-default\">\n\t\t\t\t\t<div class=\"elementor-column elementor-col-100 elementor-top-column elementor-element elementor-element-abaf6a3\" data-id=\"abaf6a3\" data-element_type=\"column\">\n\t\t\t<div class=\"elementor-widget-wrap elementor-element-populated\">\n\t\t\t\t\t\t\t\t<div class=\"elementor-element elementor-element-a5b7bfb elementor-widget elementor-widget-text-editor\" data-id=\"a5b7bfb\" data-element_type=\"widget\" data-widget_type=\"text-editor.default\">\n\t\t\t\t<div class=\"elementor-widget-container\">\n\t\t\t<style>\/*! elementor - v3.11.2 - 22-02-2023 *\/\n.elementor-widget-text-editor.elementor-drop-cap-view-stacked .elementor-drop-cap{background-color:#818a91;color:#fff}.elementor-widget-text-editor.elementor-drop-cap-view-framed .elementor-drop-cap{color:#818a91;border:3px solid;background-color:transparent}.elementor-widget-text-editor:not(.elementor-drop-cap-view-default) .elementor-drop-cap{margin-top:8px}.elementor-widget-text-editor:not(.elementor-drop-cap-view-default) .elementor-drop-cap-letter{width:1em;height:1em}.elementor-widget-text-editor .elementor-drop-cap{float:left;text-align:center;line-height:1;font-size:50px}.elementor-widget-text-editor .elementor-drop-cap-letter{display:inline-block}<\/style>\t\t\t\t<p>-9 Decembrie 2020, workshopuri din seria DIGITT,\u00a0<em>Studiile lingvistice \u00een era digital\u0103. Instrumente digitale utile pentru lingvistic\u0103\u00a0<\/em><em>\u0219i analiza discursului<\/em>, la specializ\u0103rile Rom\u00e2n\u0103 A \u0219i A\u2019, FLIT<\/p><p>\u00cen perioada 8-9 decembrie 2020, studen\u021bii de la specializ\u0103rile Rom\u00e2n\u0103 A \u0219i A\u2019 din cadrul Facult\u0103\u021bii de Litere, Istorie \u0219i Teologie au participat la un nou workshop din seria DIGITT (Digital Linguistics Talks in Timi\u0219oara), intitulat\u00a0<em>Studiile lingvistice \u00een era digital\u0103. Instrumente digitale utile pentru lingvistic\u0103\u00a0<\/em><em>\u0219<\/em><em>i analiza discursului<\/em>. Prima parte a workshopului a constat \u00eentr-o prezentare a proiectului\u00a0<a href=\"https:\/\/roger.projects.uvt.ro\/?lang=ro\" target=\"_blank\" rel=\"noopener noreferrer\">ROGER<\/a>\u00a0(<em>Genuri academice la intersec<\/em><em>\u021b<\/em><em>ia dintre tradi<\/em><em>\u021b<\/em><em>ie\u00a0<\/em><em>\u0219<\/em><em>i interna<\/em><em>\u021b<\/em><em>ionalizare: Cercetare contrastiv<\/em><em>\u0103<\/em><em>\u00a0pe baz<\/em><em>\u0103<\/em><em>\u00a0de corpus asupra utiliz<\/em><em>\u0103<\/em><em>rii genurilor academice de c<\/em><em>\u0103<\/em><em>tre studen<\/em><em>\u021b<\/em><em>ii din Rom<\/em><em>\u00e2<\/em><em>nia<\/em>) \u0219i a centrului\u00a0<a href=\"https:\/\/codhus.projects.uvt.ro\/\" target=\"_blank\" rel=\"noopener noreferrer\">CODHUS<\/a>\u00a0(<em>Centrul de Cercetare\u00a0<\/em><em>\u0219<\/em><em>i Implementare a Metodelor Digitale Bazate pe Lingvistica de Corpus cu Aplicabilitate\u00a0<\/em><em>\u00ee<\/em><em>n\u00a0<\/em><em>\u0218<\/em><em>tiin<\/em><em>\u021b<\/em><em>ele Umaniste<\/em>), care \u00ee\u0219i propune s\u0103 fie \u201ecasa codurilor digitale pentru umani\u0219ti\u201d. Discut\u00e2nd apoi despre diferite aplica\u021bii pe care studen\u021bii le folosesc \u00een timpul liber, celor prezen\u021bi le-au fost expuse exemple din analizele f\u0103cute de membrii ROGER \u0219i CODHUS \u00een ultimele luni, accentu\u00e2nd oportunitatea pe care studen\u021bii o pot avea dac\u0103 aleg un stagiu de practic\u0103 sau voluntariat la CODHUS, unde \u00ee\u0219i pot dezvolta capacit\u0103\u021bile de cercetare. Studen\u021bii au aflat de instrumente precum AntConc, Lancsbox, Sketch Engine, Voyant tools, iar \u00eent\u00e2lnirea a mizat, \u00een a doua parte, pe c\u00e2teva exerci\u021bii aplicate: folosind ultimul instrument men\u021bionat (Voyant tools), participan\u021bii au analizat sumar dou\u0103 corpusuri pentru a observa remodel\u0103rile discursului presei din ultima vreme, datorate \u00een special pandemiei. La final, cei prezen\u021bi au participat la un scurt quiz, iar studen\u021bii cu cele mai bune punctaje au primit premii, const\u00e2nd \u00een materiale promo\u021bionale ROGER.<\/p><p>Le mul\u021bumim doamnei lect. dr. Ana-Maria Radu-Pop de la Departamentul de Studii Rom\u00e2ne\u0219ti pentru disponibilitate, Bianc\u0103i Socaci (practicant CODHUS) pentru compilarea corpusurilor \u0219i studen\u021bilor pentru implicarea activ\u0103!<\/p>\t\t\t\t\t\t<\/div>\n\t\t\t\t<\/div>\n\t\t\t\t\t<\/div>\n\t\t<\/div>\n\t\t\t\t\t\t\t<\/div>\n\t\t<\/section>\n\t\t\t\t<section class=\"elementor-section elementor-top-section elementor-element elementor-element-8204da8 elementor-section-boxed elementor-section-height-default elementor-section-height-default\" data-id=\"8204da8\" data-element_type=\"section\">\n\t\t\t\t\t\t<div class=\"elementor-container elementor-column-gap-default\">\n\t\t\t\t\t<div class=\"elementor-column elementor-col-100 elementor-top-column elementor-element elementor-element-a862c96\" data-id=\"a862c96\" data-element_type=\"column\">\n\t\t\t<div class=\"elementor-widget-wrap elementor-element-populated\">\n\t\t\t\t\t\t\t\t<div class=\"elementor-element elementor-element-e37d9b8 elementor-post-navigation-borders-yes elementor-widget elementor-widget-post-navigation\" data-id=\"e37d9b8\" data-element_type=\"widget\" data-widget_type=\"post-navigation.default\">\n\t\t\t\t<div class=\"elementor-widget-container\">\n\t\t\t<link rel=\"stylesheet\" href=\"http:\/\/roger.projects.uvt.ro\/wp-content\/plugins\/elementor-pro\/assets\/css\/widget-theme-elements.min.css\">\t\t<div class=\"elementor-post-navigation\">\n\t\t\t<div class=\"elementor-post-navigation__prev elementor-post-navigation__link\">\n\t\t\t\t<a href=\"http:\/\/roger.projects.uvt.ro\/ro\/12-13-noiembrie-2020-participari-la-conferinta-internationala-innovation-in-language-learning-editie-virtuala\/\" rel=\"prev\"><span class=\"post-navigation__arrow-wrapper post-navigation__arrow-prev\"><i class=\"fa fa-angle-left\" aria-hidden=\"true\"><\/i><span class=\"elementor-screen-only\">Prev<\/span><\/span><span class=\"elementor-post-navigation__link__prev\"><span class=\"post-navigation__prev--label\">Previous<\/span><span class=\"post-navigation__prev--title\">12-13 Noiembrie 2020, particip\u0103ri la conferin\u021ba interna\u021bional\u0103 Innovation in Language Learning, edi\u021bie virtual\u0103<\/span><\/span><\/a>\t\t\t<\/div>\n\t\t\t\t\t\t\t<div class=\"elementor-post-navigation__separator-wrapper\">\n\t\t\t\t\t<div class=\"elementor-post-navigation__separator\"><\/div>\n\t\t\t\t<\/div>\n\t\t\t\t\t\t<div class=\"elementor-post-navigation__next elementor-post-navigation__link\">\n\t\t\t\t<a href=\"http:\/\/roger.projects.uvt.ro\/ro\/8-9-decembrie-2020-workshopuri-din-seria-digitt-studiile-lingvistice-in-era-digitala-instrumente-digitale-utile-pentru-lingvistica-si-analiza-discursului-la-specializarile-romana-a-si-a\/\" rel=\"next\"><span class=\"elementor-post-navigation__link__next\"><span class=\"post-navigation__next--label\">Next<\/span><span class=\"post-navigation__next--title\">8-9 Decembrie 2020, workshopuri din seria DIGITT, Studiile lingvistice \u00een era digital\u0103. Instrumente digitale utile pentru lingvistic\u0103 \u0219i analiza discursului, la specializ\u0103rile Rom\u00e2n\u0103 A \u0219i A\u2019, FLIT<\/span><\/span><span class=\"post-navigation__arrow-wrapper post-navigation__arrow-next\"><i class=\"fa fa-angle-right\" aria-hidden=\"true\"><\/i><span class=\"elementor-screen-only\">Next<\/span><\/span><\/a>\t\t\t<\/div>\n\t\t<\/div>\n\t\t\t\t<\/div>\n\t\t\t\t<\/div>\n\t\t\t\t\t<\/div>\n\t\t<\/div>\n\t\t\t\t\t\t\t<\/div>\n\t\t<\/section>\n\t\t\t\t\t\t\t<\/div>\n\t\t","protected":false},"excerpt":{"rendered":"<p>-9 Decembrie 2020, workshopuri din seria DIGITT,\u00a0Studiile lingvistice \u00een era digital\u0103. Instrumente digitale utile pentru lingvistic\u0103\u00a0\u0219i analiza discursului, la specializ\u0103rile Rom\u00e2n\u0103 A \u0219i A\u2019, FLIT \u00cen perioada 8-9 decembrie 2020, studen\u021bii de la specializ\u0103rile Rom\u00e2n\u0103 A \u0219i A\u2019 din cadrul Facult\u0103\u021bii de Litere, Istorie \u0219i Teologie au participat la un nou workshop din seria DIGITT [&hellip;]<\/p>\n","protected":false},"author":3,"featured_media":0,"comment_status":"open","ping_status":"open","sticky":false,"template":"elementor_header_footer","format":"standard","meta":[],"categories":[5],"tags":[],"_links":{"self":[{"href":"http:\/\/roger.projects.uvt.ro\/ro\/wp-json\/wp\/v2\/posts\/1101"}],"collection":[{"href":"http:\/\/roger.projects.uvt.ro\/ro\/wp-json\/wp\/v2\/posts"}],"about":[{"href":"http:\/\/roger.projects.uvt.ro\/ro\/wp-json\/wp\/v2\/types\/post"}],"author":[{"embeddable":true,"href":"http:\/\/roger.projects.uvt.ro\/ro\/wp-json\/wp\/v2\/users\/3"}],"replies":[{"embeddable":true,"href":"http:\/\/roger.projects.uvt.ro\/ro\/wp-json\/wp\/v2\/comments?post=1101"}],"version-history":[{"count":4,"href":"http:\/\/roger.projects.uvt.ro\/ro\/wp-json\/wp\/v2\/posts\/1101\/revisions"}],"predecessor-version":[{"id":1118,"href":"http:\/\/roger.projects.uvt.ro\/ro\/wp-json\/wp\/v2\/posts\/1101\/revisions\/1118"}],"wp:attachment":[{"href":"http:\/\/roger.projects.uvt.ro\/ro\/wp-json\/wp\/v2\/media?parent=1101"}],"wp:term":[{"taxonomy":"category","embeddable":true,"href":"http:\/\/roger.projects.uvt.ro\/ro\/wp-json\/wp\/v2\/categories?post=1101"},{"taxonomy":"post_tag","embeddable":true,"href":"http:\/\/roger.projects.uvt.ro\/ro\/wp-json\/wp\/v2\/tags?post=1101"}],"curies":[{"name":"wp","href":"https:\/\/api.w.org\/{rel}","templated":true}]}}