{"id":1391,"date":"2019-06-21T11:24:57","date_gmt":"2019-06-21T11:24:57","guid":{"rendered":"http:\/\/roger.projects.uvt.ro\/?p=1391"},"modified":"2023-03-21T11:27:37","modified_gmt":"2023-03-21T11:27:37","slug":"iulie-2019-conferinta-eataw-goteborg-suedia","status":"publish","type":"post","link":"http:\/\/roger.projects.uvt.ro\/ro\/iulie-2019-conferinta-eataw-goteborg-suedia\/","title":{"rendered":"Iulie 2019 Conferinta EATAW Goteborg Suedia"},"content":{"rendered":"\t\t<div data-elementor-type=\"wp-post\" data-elementor-id=\"1391\" class=\"elementor elementor-1391\">\n\t\t\t\t\t\t\t\t\t<section class=\"elementor-section elementor-top-section elementor-element elementor-element-67bf140 elementor-section-boxed elementor-section-height-default elementor-section-height-default\" data-id=\"67bf140\" data-element_type=\"section\">\n\t\t\t\t\t\t<div class=\"elementor-container elementor-column-gap-default\">\n\t\t\t\t\t<div class=\"elementor-column elementor-col-100 elementor-top-column elementor-element elementor-element-9fbc4ea\" data-id=\"9fbc4ea\" data-element_type=\"column\">\n\t\t\t<div class=\"elementor-widget-wrap elementor-element-populated\">\n\t\t\t\t\t\t\t\t<div class=\"elementor-element elementor-element-4633452 elementor-widget elementor-widget-text-editor\" data-id=\"4633452\" data-element_type=\"widget\" data-widget_type=\"text-editor.default\">\n\t\t\t\t<div class=\"elementor-widget-container\">\n\t\t\t<style>\/*! elementor - v3.11.2 - 22-02-2023 *\/\n.elementor-widget-text-editor.elementor-drop-cap-view-stacked .elementor-drop-cap{background-color:#818a91;color:#fff}.elementor-widget-text-editor.elementor-drop-cap-view-framed .elementor-drop-cap{color:#818a91;border:3px solid;background-color:transparent}.elementor-widget-text-editor:not(.elementor-drop-cap-view-default) .elementor-drop-cap{margin-top:8px}.elementor-widget-text-editor:not(.elementor-drop-cap-view-default) .elementor-drop-cap-letter{width:1em;height:1em}.elementor-widget-text-editor .elementor-drop-cap{float:left;text-align:center;line-height:1;font-size:50px}.elementor-widget-text-editor .elementor-drop-cap-letter{display:inline-block}<\/style>\t\t\t\t<p><span style=\"font-weight: 400;\">Claudia Doroholschi a participat la conferin<\/span><span style=\"font-weight: 400;\">\u021b<\/span><span style=\"font-weight: 400;\">a EATAW 2019 care a avut loc \u00een 1-4 iulie 2019 la Goteborg, Suedia, prezent\u00e2nd dou\u0103 lucr\u0103ri:\u00a0 \u201c\u2018Cross-Disciplinary Academic Genre Research: a corpus-based methodological model\u201d (co-autori M\u0103d\u0103lina Chitez, Loredana Bercuci <\/span><span style=\"font-weight: 400;\">\u0219<\/span><span style=\"font-weight: 400;\">i Daniel Luche<\/span><span style=\"font-weight: 400;\">\u0219<\/span><span style=\"font-weight: 400;\">) <\/span><span style=\"font-weight: 400;\">\u0219<\/span><span style=\"font-weight: 400;\">i \u201cWriting encounters within the EU\u2019s Erasmus+ student exchange program: challenges, solutions and implications\u201d (co-autor Cristina B\u0103niceru).<\/span><\/p><p><b>Prezentarea 1: Cross-Disciplinary Academic Genre Research: a corpus-based methodological model<\/b><\/p><p><b>Autori: M\u0103d\u0103lina Chitez, Claudia Ioana Doroholschi, Loredana Bercuci <\/b><b>\u0219<\/b><b>i Daniel Luche<\/b><b>\u0219<\/b><\/p><p><span style=\"font-weight: 400;\">Rezumat<\/span><br \/><span style=\"font-weight: 400;\">Cercet\u0103rile recente au demonstrat avantajele metodelor de corpus (de ex. Nesi &amp; Gardner, 2002) pentru cartografierea genurilor de scriere academic\u0103. Al\u0103turi de metode tradi<\/span><span style=\"font-weight: 400;\">\u021b<\/span><span style=\"font-weight: 400;\">ionale cum ar fi chestionarele sau interviurile, ele ne permit s\u0103 surprindem at\u00e2t caracteristicile textuale, c\u00e2t <\/span><span style=\"font-weight: 400;\">\u0219<\/span><span style=\"font-weight: 400;\">i aspectele contextuale ale acestor genuri. \u00cen acest studiu, vom prezenta rezultatele unei cercet\u0103ri \u00eentreprinse \u00een cadrul proiectului ROGER, al c\u0103rui obiectiv este cartografierea genurilor academice din universit\u0103<\/span><span style=\"font-weight: 400;\">\u021b<\/span><span style=\"font-weight: 400;\">ile rom\u00e2ne<\/span><span style=\"font-weight: 400;\">\u0219<\/span><span style=\"font-weight: 400;\">ti, <\/span><span style=\"font-weight: 400;\">\u0219<\/span><span style=\"font-weight: 400;\">i vom analiza un gen de scriere pu<\/span><span style=\"font-weight: 400;\">\u021b<\/span><span style=\"font-weight: 400;\">in cercetat, \u00eens\u0103 central \u00een multe universit\u0103<\/span><span style=\"font-weight: 400;\">\u021b<\/span><span style=\"font-weight: 400;\">i din Europa de Est, <\/span><span style=\"font-weight: 400;\">\u0219<\/span><span style=\"font-weight: 400;\">i anume referatul (Kruse et al., 2016). \u00cen primul stadiu al proiectului a fost administrat un chestionar pentru studen<\/span><span style=\"font-weight: 400;\">\u021b<\/span><span style=\"font-weight: 400;\">i <\/span><span style=\"font-weight: 400;\">\u0219<\/span><span style=\"font-weight: 400;\">i au fost \u00eentreprinse interviuri cu cadre didactice din universit\u0103<\/span><span style=\"font-weight: 400;\">\u021b<\/span><span style=\"font-weight: 400;\">i pentru a identifica cele mai importante genuri de scriere academic\u0103 \u00een universit\u0103<\/span><span style=\"font-weight: 400;\">\u021b<\/span><span style=\"font-weight: 400;\">ile rom\u00e2ne<\/span><span style=\"font-weight: 400;\">\u0219<\/span><span style=\"font-weight: 400;\">ti. Rezultatele au ar\u0103tat c\u0103 referatul este unul din cele 5 genuri principale \u00een toate disciplinele, dar c\u0103 este \u00een<\/span><span style=\"font-weight: 400;\">\u021b<\/span><span style=\"font-weight: 400;\">eles \u00een mod diferit de la o disciplin\u0103 la alta. Ca urmare, am utilizat metode de corpus (Biber et al 2007) pentru a stabili tr\u0103s\u0103turile lingvistice ale referatului: am compilat un corpus de 35000 de cuvinte \u00een limba rom\u00e2n\u0103, con<\/span><span style=\"font-weight: 400;\">\u021b<\/span><span style=\"font-weight: 400;\">in\u00e2nd referate din trei discipline (istorie, educa<\/span><span style=\"font-weight: 400;\">\u021b<\/span><span style=\"font-weight: 400;\">ie <\/span><span style=\"font-weight: 400;\">\u0219<\/span><span style=\"font-weight: 400;\">i literatur\u0103 rom\u00e2n\u0103) <\/span><span style=\"font-weight: 400;\">\u0219<\/span><span style=\"font-weight: 400;\">i am analizat structurile lingvistice asociate mut\u0103rilor retorice.\u00a0 Prin cuantificarea <\/span><span style=\"font-weight: 400;\">\u0219<\/span><span style=\"font-weight: 400;\">i analizarea aspectelor lexico-gramaticale cum ar fi marcatorii metadiscursivi (Hyland, 2000) pentru fiecare mutare, se demonstreaz\u0103 c\u0103 genul func<\/span><span style=\"font-weight: 400;\">\u021b<\/span><span style=\"font-weight: 400;\">ioneaz\u0103 diferit \u00een context disciplinare diferite. Am identificat apoi structurile retorice ale referatului \u00een fiecare din disciplinele cercetate. \u00cen \u00eencheiere, suger\u0103m o abordare metodologic\u0103 a varia<\/span><span style=\"font-weight: 400;\">\u021b<\/span><span style=\"font-weight: 400;\">iilor unui gen \u00een mai multe discipline <\/span><span style=\"font-weight: 400;\">\u0219<\/span><span style=\"font-weight: 400;\">i subliniem avantajele pedagogice ale acestei abord\u0103ri.\u00a0<\/span><\/p><p><span style=\"font-weight: 400;\">Referin<\/span><span style=\"font-weight: 400;\">\u021b<\/span><span style=\"font-weight: 400;\">e bibliografice:\u00a0\u00a0<\/span><\/p><p><span style=\"font-weight: 400;\">Biber, D., Connor, U., &amp; Upton, T.A. (2007). <\/span><i><span style=\"font-weight: 400;\">Discourse on the Move: Using Corpus Analysis to Describe Discourse Structure.<\/span><\/i><span style=\"font-weight: 400;\"> Amsterdam: John Benjamins Publishing.<\/span><\/p><p><span style=\"font-weight: 400;\">Hyland. K. (2000). <\/span><i><span style=\"font-weight: 400;\">Disciplinary discourses: social interactions in academic writing.<\/span><\/i><span style=\"font-weight: 400;\"> London: Longman.\u00a0<\/span><\/p><p><span style=\"font-weight: 400;\">Kruse, O., Chitez, M., Rodriguez, B., Castello\u0301, M. (2016). <\/span><i><span style=\"font-weight: 400;\">Exploring European Writing Cultures.<\/span><\/i><span style=\"font-weight: 400;\"> Winterthur: ZHAW.\u00a0<\/span><\/p><p><span style=\"font-weight: 400;\">Nesi, H., &amp; Gardner, S. (2012). <\/span><i><span style=\"font-weight: 400;\">Genres across the disciplines: Student writing in higher education. <\/span><\/i><span style=\"font-weight: 400;\">Cambridge: Cambridge University Press.<\/span><\/p><p><span style=\"font-weight: 400;\">Snapshot of first slide\u00a0 \u00a0\u00a0<\/span><\/p>\t\t\t\t\t\t<\/div>\n\t\t\t\t<\/div>\n\t\t\t\t<div class=\"elementor-element elementor-element-df05a49 elementor-widget elementor-widget-image\" data-id=\"df05a49\" data-element_type=\"widget\" data-widget_type=\"image.default\">\n\t\t\t\t<div class=\"elementor-widget-container\">\n\t\t\t<style>\/*! elementor - v3.11.2 - 22-02-2023 *\/\n.elementor-widget-image{text-align:center}.elementor-widget-image a{display:inline-block}.elementor-widget-image a img[src$=\".svg\"]{width:48px}.elementor-widget-image img{vertical-align:middle;display:inline-block}<\/style>\t\t\t\t\t\t\t\t\t\t\t\t<img decoding=\"async\" width=\"1920\" height=\"1080\" src=\"http:\/\/roger.projects.uvt.ro\/wp-content\/uploads\/2023\/03\/1.png\" class=\"attachment-full size-full wp-image-1381\" alt=\"\" loading=\"lazy\" srcset=\"http:\/\/roger.projects.uvt.ro\/wp-content\/uploads\/2023\/03\/1.png 1920w, http:\/\/roger.projects.uvt.ro\/wp-content\/uploads\/2023\/03\/1-300x169.png 300w, http:\/\/roger.projects.uvt.ro\/wp-content\/uploads\/2023\/03\/1-1024x576.png 1024w, http:\/\/roger.projects.uvt.ro\/wp-content\/uploads\/2023\/03\/1-768x432.png 768w, http:\/\/roger.projects.uvt.ro\/wp-content\/uploads\/2023\/03\/1-1536x864.png 1536w\" sizes=\"(max-width: 1920px) 100vw, 1920px\" \/>\t\t\t\t\t\t\t\t\t\t\t\t\t\t\t<\/div>\n\t\t\t\t<\/div>\n\t\t\t\t<div class=\"elementor-element elementor-element-442aba3 elementor-widget elementor-widget-text-editor\" data-id=\"442aba3\" data-element_type=\"widget\" data-widget_type=\"text-editor.default\">\n\t\t\t\t<div class=\"elementor-widget-container\">\n\t\t\t\t\t\t\t<p><b>Presentation 2: Writing encounters within the EU\u2019s Erasmus+ student exchange program: challenges, solutions and implications<\/b><\/p><p><b>Authors: Claudia Ioana Doroholschi and Ana Cristina B\u0103niceru<\/b><\/p><p><span style=\"font-weight: 400;\">Abstract\u00a0<\/span><\/p><p><span style=\"font-weight: 400;\">Lucrarea exploreaz\u0103 modul \u00een care universit\u0103<\/span><span style=\"font-weight: 400;\">\u021b<\/span><span style=\"font-weight: 400;\">ile europene faciliteaz\u0103 adaptarea studen<\/span><span style=\"font-weight: 400;\">\u021b<\/span><span style=\"font-weight: 400;\">ilor la diferite culturi ale scrisului, genuri <\/span><span style=\"font-weight: 400;\">\u0219<\/span><span style=\"font-weight: 400;\">i practici de scriere \u00een timpul mobilit\u0103<\/span><span style=\"font-weight: 400;\">\u021b<\/span><span style=\"font-weight: 400;\">ilor Erasmus+, prezent\u00e2nd c\u00e2teva strategii pedagogice, politici institu<\/span><span style=\"font-weight: 400;\">\u021b<\/span><span style=\"font-weight: 400;\">ionale <\/span><span style=\"font-weight: 400;\">\u0219<\/span><span style=\"font-weight: 400;\">i modalit\u0103<\/span><span style=\"font-weight: 400;\">\u021b<\/span><span style=\"font-weight: 400;\">i de suport utilizate \u00een acest scop. Cercetarea utilizeaz\u0103 datele disponibile pe site-urile universit\u0103<\/span><span style=\"font-weight: 400;\">\u021b<\/span><span style=\"font-weight: 400;\">ilor, precum <\/span><span style=\"font-weight: 400;\">\u0219<\/span><span style=\"font-weight: 400;\">i un studiu calitativ bazat pe 8 interviuri semi-structurate cu studen<\/span><span style=\"font-weight: 400;\">\u021b<\/span><span style=\"font-weight: 400;\">i Erasmus de la Universitatea de Vest din Timi<\/span><span style=\"font-weight: 400;\">\u0219<\/span><span style=\"font-weight: 400;\">oara <\/span><span style=\"font-weight: 400;\">\u0219i pe<\/span><span style=\"font-weight: 400;\"> chestionare la care au r\u0103spuns profesori <\/span><span style=\"font-weight: 400;\">\u0219<\/span><span style=\"font-weight: 400;\">i tutori din centrele de scriere academic\u0103 din mai multe <\/span><span style=\"font-weight: 400;\">\u021b<\/span><span style=\"font-weight: 400;\">\u0103ri europene. Rezultatele studiului sugereaz\u0103 c\u0103 multe din solu<\/span><span style=\"font-weight: 400;\">\u021b<\/span><span style=\"font-weight: 400;\">iile la dificult\u0103<\/span><span style=\"font-weight: 400;\">\u021b<\/span><span style=\"font-weight: 400;\">ile legate de scriere sunt r\u0103spunsuri imediate la situa<\/span><span style=\"font-weight: 400;\">\u021b<\/span><span style=\"font-weight: 400;\">ii \u00eent\u00e2lnite \u00een practica didactic\u0103 <\/span><span style=\"font-weight: 400;\">\u0219<\/span><span style=\"font-weight: 400;\">i nu se bazeaz\u0103 pe politici institu<\/span><span style=\"font-weight: 400;\">\u021b<\/span><span style=\"font-weight: 400;\">ionale, na<\/span><span style=\"font-weight: 400;\">\u021b<\/span><span style=\"font-weight: 400;\">ionale sau europene coerente.\u00a0 De<\/span><span style=\"font-weight: 400;\">\u0219<\/span><span style=\"font-weight: 400;\">i multe din aceste solu<\/span><span style=\"font-weight: 400;\">\u021b<\/span><span style=\"font-weight: 400;\">ii pot fi adecvate pe termen scurt <\/span><span style=\"font-weight: 400;\">\u0219<\/span><span style=\"font-weight: 400;\">i furnizeaz\u0103 multe exemple pozitive ale modului \u00een care poate fi abordat\u0103 scrierea \u00eentr-un mediu multicultural, rezultatele noastre sugereaz\u0103 <\/span><span style=\"font-weight: 400;\">\u0219<\/span><span style=\"font-weight: 400;\">i posibila existen<\/span><span style=\"font-weight: 400;\">\u021b<\/span><span style=\"font-weight: 400;\">\u0103 a unor probleme legate de echitate, rela<\/span><span style=\"font-weight: 400;\">\u021b<\/span><span style=\"font-weight: 400;\">iile de putere <\/span><span style=\"font-weight: 400;\">\u0219<\/span><span style=\"font-weight: 400;\">i reciprocitate \u00een cadrul acestor schimburi. Atunci c\u00e2nd \u00ee<\/span><span style=\"font-weight: 400;\">\u0219<\/span><span style=\"font-weight: 400;\">i adapteaz\u0103 cursurile pentru un grup de studen<\/span><span style=\"font-weight: 400;\">\u021bi m<\/span><span style=\"font-weight: 400;\">ulticultural, cadrele didactice trebuie s\u0103 <\/span><span style=\"font-weight: 400;\">\u021b<\/span><span style=\"font-weight: 400;\">in\u0103 cont de ace<\/span><span style=\"font-weight: 400;\">\u0219<\/span><span style=\"font-weight: 400;\">ti factori care dep\u0103<\/span><span style=\"font-weight: 400;\">\u0219<\/span><span style=\"font-weight: 400;\">esc cadrul curricular propriu-zis.<\/span><\/p><p><span style=\"font-weight: 400;\">Snapshot of first slide\u00a0 \u00a0<\/span><\/p>\t\t\t\t\t\t<\/div>\n\t\t\t\t<\/div>\n\t\t\t\t<div class=\"elementor-element elementor-element-047ae88 elementor-widget elementor-widget-image\" data-id=\"047ae88\" data-element_type=\"widget\" data-widget_type=\"image.default\">\n\t\t\t\t<div class=\"elementor-widget-container\">\n\t\t\t\t\t\t\t\t\t\t\t\t\t\t\t<img decoding=\"async\" width=\"1920\" height=\"1080\" src=\"http:\/\/roger.projects.uvt.ro\/wp-content\/uploads\/2023\/03\/2.png\" class=\"attachment-full size-full wp-image-1383\" alt=\"\" loading=\"lazy\" srcset=\"http:\/\/roger.projects.uvt.ro\/wp-content\/uploads\/2023\/03\/2.png 1920w, http:\/\/roger.projects.uvt.ro\/wp-content\/uploads\/2023\/03\/2-300x169.png 300w, http:\/\/roger.projects.uvt.ro\/wp-content\/uploads\/2023\/03\/2-1024x576.png 1024w, http:\/\/roger.projects.uvt.ro\/wp-content\/uploads\/2023\/03\/2-768x432.png 768w, http:\/\/roger.projects.uvt.ro\/wp-content\/uploads\/2023\/03\/2-1536x864.png 1536w\" sizes=\"(max-width: 1920px) 100vw, 1920px\" \/>\t\t\t\t\t\t\t\t\t\t\t\t\t\t\t<\/div>\n\t\t\t\t<\/div>\n\t\t\t\t<div class=\"elementor-element elementor-element-4726cf8 elementor-widget elementor-widget-text-editor\" data-id=\"4726cf8\" data-element_type=\"widget\" data-widget_type=\"text-editor.default\">\n\t\t\t\t<div class=\"elementor-widget-container\">\n\t\t\t\t\t\t\t<p><span style=\"font-weight: 400;\">Mai multe informa<\/span><span style=\"font-weight: 400;\">\u021bii despre conferin\u021b\u0103<\/span><span style=\"font-weight: 400;\">: <\/span><a href=\"https:\/\/2019.eataw.eu\/\"><span style=\"font-weight: 400;\">https:\/\/2019.eataw.eu\/<\/span><\/a><\/p><p><span style=\"font-weight: 400;\">Impresii\u00a0<\/span><\/p><p><span style=\"font-weight: 400;\">Conferin<\/span><span style=\"font-weight: 400;\">\u021b<\/span><span style=\"font-weight: 400;\">a EATAW (Asocia<\/span><span style=\"font-weight: 400;\">\u021b<\/span><span style=\"font-weight: 400;\">ia European\u0103 pentru Predarea Scrierii Academice) reune<\/span><span style=\"font-weight: 400;\">\u0219<\/span><span style=\"font-weight: 400;\">te din doi \u00een doi ani cercet\u0103tori <\/span><span style=\"font-weight: 400;\">\u0219<\/span><span style=\"font-weight: 400;\">i profesori din domeniul scrierii academice din Europa <\/span><span style=\"font-weight: 400;\">\u0219<\/span><span style=\"font-weight: 400;\">i nu numai. Tema din acest an, explorat\u0103 \u00een cadrul prezent\u0103rilor, plenarelor sau meselor rotunde, a fost \u201eScrierea academic\u0103 la intersec<\/span><span style=\"font-weight: 400;\">\u021b<\/span><span style=\"font-weight: 400;\">ii: Interdisciplinaritate, hibridizarea genurilor, plurilingvism, digitalizare <\/span><span style=\"font-weight: 400;\">\u0219<\/span><span style=\"font-weight: 400;\">i interculturalitate.\u201d Au trezit un interes special sec<\/span><span style=\"font-weight: 400;\">\u021b<\/span><span style=\"font-weight: 400;\">iunile care s-au concentrat asupra problematicii legate de intersec<\/span><span style=\"font-weight: 400;\">\u021b<\/span><span style=\"font-weight: 400;\">ia dintre scriere <\/span><span style=\"font-weight: 400;\">\u0219<\/span><span style=\"font-weight: 400;\">i fenomenul digitaliz\u0103rii.\u00a0\u00a0<\/span><\/p>\t\t\t\t\t\t<\/div>\n\t\t\t\t<\/div>\n\t\t\t\t<div class=\"elementor-element elementor-element-521d567 elementor-widget elementor-widget-image-gallery\" data-id=\"521d567\" data-element_type=\"widget\" data-widget_type=\"image-gallery.default\">\n\t\t\t\t<div class=\"elementor-widget-container\">\n\t\t\t<style>\/*! elementor - v3.11.2 - 22-02-2023 *\/\n.elementor-image-gallery .gallery-item{display:inline-block;text-align:center;vertical-align:top;width:100%;max-width:100%;margin:0 auto}.elementor-image-gallery .gallery-item img{margin:0 auto}.elementor-image-gallery .gallery-item .gallery-caption{margin:0}.elementor-image-gallery figure img{display:block}.elementor-image-gallery figure figcaption{width:100%}.gallery-spacing-custom .elementor-image-gallery .gallery-icon{padding:0}@media (min-width:768px){.elementor-image-gallery .gallery-columns-2 .gallery-item{max-width:50%}.elementor-image-gallery .gallery-columns-3 .gallery-item{max-width:33.33%}.elementor-image-gallery .gallery-columns-4 .gallery-item{max-width:25%}.elementor-image-gallery .gallery-columns-5 .gallery-item{max-width:20%}.elementor-image-gallery .gallery-columns-6 .gallery-item{max-width:16.666%}.elementor-image-gallery .gallery-columns-7 .gallery-item{max-width:14.28%}.elementor-image-gallery .gallery-columns-8 .gallery-item{max-width:12.5%}.elementor-image-gallery .gallery-columns-9 .gallery-item{max-width:11.11%}.elementor-image-gallery .gallery-columns-10 .gallery-item{max-width:10%}}@media (min-width:480px) and (max-width:767px){.elementor-image-gallery .gallery.gallery-columns-2 .gallery-item,.elementor-image-gallery .gallery.gallery-columns-3 .gallery-item,.elementor-image-gallery .gallery.gallery-columns-4 .gallery-item,.elementor-image-gallery .gallery.gallery-columns-5 .gallery-item,.elementor-image-gallery .gallery.gallery-columns-6 .gallery-item,.elementor-image-gallery .gallery.gallery-columns-7 .gallery-item,.elementor-image-gallery .gallery.gallery-columns-8 .gallery-item,.elementor-image-gallery .gallery.gallery-columns-9 .gallery-item,.elementor-image-gallery .gallery.gallery-columns-10 .gallery-item{max-width:50%}}@media (max-width:479px){.elementor-image-gallery .gallery.gallery-columns-2 .gallery-item,.elementor-image-gallery .gallery.gallery-columns-3 .gallery-item,.elementor-image-gallery .gallery.gallery-columns-4 .gallery-item,.elementor-image-gallery .gallery.gallery-columns-5 .gallery-item,.elementor-image-gallery .gallery.gallery-columns-6 .gallery-item,.elementor-image-gallery .gallery.gallery-columns-7 .gallery-item,.elementor-image-gallery .gallery.gallery-columns-8 .gallery-item,.elementor-image-gallery .gallery.gallery-columns-9 .gallery-item,.elementor-image-gallery .gallery.gallery-columns-10 .gallery-item{max-width:100%}}<\/style>\t\t<div class=\"elementor-image-gallery\">\n\t\t\t<div id='gallery-1' class='gallery galleryid-1391 gallery-columns-2 gallery-size-medium'><figure class='gallery-item'>\n\t\t\t<div class='gallery-icon portrait'>\n\t\t\t\t<a data-elementor-open-lightbox=\"yes\" data-elementor-lightbox-slideshow=\"521d567\" data-elementor-lightbox-title=\"3\" data-e-action-hash=\"#elementor-action%3Aaction%3Dlightbox%26settings%3DeyJpZCI6MTM4NSwidXJsIjoiaHR0cDpcL1wvcm9nZXIucHJvamVjdHMudXZ0LnJvXC93cC1jb250ZW50XC91cGxvYWRzXC8yMDIzXC8wM1wvMy5qcGciLCJzbGlkZXNob3ciOiI1MjFkNTY3In0%3D\" href='http:\/\/roger.projects.uvt.ro\/wp-content\/uploads\/2023\/03\/3.jpg'><img width=\"188\" height=\"300\" src=\"http:\/\/roger.projects.uvt.ro\/wp-content\/uploads\/2023\/03\/3-188x300.jpg\" class=\"attachment-medium size-medium\" alt=\"\" decoding=\"async\" loading=\"lazy\" srcset=\"http:\/\/roger.projects.uvt.ro\/wp-content\/uploads\/2023\/03\/3-188x300.jpg 188w, http:\/\/roger.projects.uvt.ro\/wp-content\/uploads\/2023\/03\/3.jpg 575w\" sizes=\"(max-width: 188px) 100vw, 188px\" \/><\/a>\n\t\t\t<\/div><\/figure><figure class='gallery-item'>\n\t\t\t<div class='gallery-icon landscape'>\n\t\t\t\t<a data-elementor-open-lightbox=\"yes\" data-elementor-lightbox-slideshow=\"521d567\" data-elementor-lightbox-title=\"3\" data-e-action-hash=\"#elementor-action%3Aaction%3Dlightbox%26settings%3DeyJpZCI6MTM4NywidXJsIjoiaHR0cDpcL1wvcm9nZXIucHJvamVjdHMudXZ0LnJvXC93cC1jb250ZW50XC91cGxvYWRzXC8yMDIzXC8wM1wvMy5wbmciLCJzbGlkZXNob3ciOiI1MjFkNTY3In0%3D\" href='http:\/\/roger.projects.uvt.ro\/wp-content\/uploads\/2023\/03\/3.png'><img width=\"300\" height=\"169\" src=\"http:\/\/roger.projects.uvt.ro\/wp-content\/uploads\/2023\/03\/3-300x169.png\" class=\"attachment-medium size-medium\" alt=\"\" decoding=\"async\" loading=\"lazy\" srcset=\"http:\/\/roger.projects.uvt.ro\/wp-content\/uploads\/2023\/03\/3-300x169.png 300w, http:\/\/roger.projects.uvt.ro\/wp-content\/uploads\/2023\/03\/3-1024x576.png 1024w, http:\/\/roger.projects.uvt.ro\/wp-content\/uploads\/2023\/03\/3-768x432.png 768w, http:\/\/roger.projects.uvt.ro\/wp-content\/uploads\/2023\/03\/3-1536x864.png 1536w, http:\/\/roger.projects.uvt.ro\/wp-content\/uploads\/2023\/03\/3.png 2048w\" sizes=\"(max-width: 300px) 100vw, 300px\" \/><\/a>\n\t\t\t<\/div><\/figure>\n\t\t<\/div>\n\t\t<\/div>\n\t\t\t\t<\/div>\n\t\t\t\t<\/div>\n\t\t\t\t\t<\/div>\n\t\t<\/div>\n\t\t\t\t\t\t\t<\/div>\n\t\t<\/section>\n\t\t\t\t<section class=\"elementor-section elementor-top-section elementor-element elementor-element-da4a54e elementor-section-boxed elementor-section-height-default elementor-section-height-default\" data-id=\"da4a54e\" data-element_type=\"section\">\n\t\t\t\t\t\t<div class=\"elementor-container elementor-column-gap-default\">\n\t\t\t\t\t<div class=\"elementor-column elementor-col-100 elementor-top-column elementor-element elementor-element-ebe38dd\" data-id=\"ebe38dd\" data-element_type=\"column\">\n\t\t\t<div class=\"elementor-widget-wrap elementor-element-populated\">\n\t\t\t\t\t\t\t\t<div class=\"elementor-element elementor-element-c658762 elementor-post-navigation-borders-yes elementor-widget elementor-widget-post-navigation\" data-id=\"c658762\" data-element_type=\"widget\" data-widget_type=\"post-navigation.default\">\n\t\t\t\t<div class=\"elementor-widget-container\">\n\t\t\t<link rel=\"stylesheet\" href=\"http:\/\/roger.projects.uvt.ro\/wp-content\/plugins\/elementor-pro\/assets\/css\/widget-theme-elements.min.css\">\t\t<div class=\"elementor-post-navigation\">\n\t\t\t<div class=\"elementor-post-navigation__prev elementor-post-navigation__link\">\n\t\t\t\t<a href=\"http:\/\/roger.projects.uvt.ro\/ro\/iunie-2019-workshopul-lexicom-europe-workshop-mikulov-cehia\/\" rel=\"prev\"><span class=\"post-navigation__arrow-wrapper post-navigation__arrow-prev\"><i class=\"fa fa-angle-left\" aria-hidden=\"true\"><\/i><span class=\"elementor-screen-only\">Prev<\/span><\/span><span class=\"elementor-post-navigation__link__prev\"><span class=\"post-navigation__prev--label\">Previous<\/span><span class=\"post-navigation__prev--title\">Iunie 2019, workshopul LEXICOM Europe workshop, Mikulov, Cehia<\/span><\/span><\/a>\t\t\t<\/div>\n\t\t\t\t\t\t\t<div class=\"elementor-post-navigation__separator-wrapper\">\n\t\t\t\t\t<div class=\"elementor-post-navigation__separator\"><\/div>\n\t\t\t\t<\/div>\n\t\t\t\t\t\t<div class=\"elementor-post-navigation__next elementor-post-navigation__link\">\n\t\t\t\t<a href=\"http:\/\/roger.projects.uvt.ro\/ro\/iunie-2019-workshopul-lexicom-europe-workshop-mikulov-cehia-2\/\" rel=\"next\"><span class=\"elementor-post-navigation__link__next\"><span class=\"post-navigation__next--label\">Next<\/span><span class=\"post-navigation__next--title\">Iunie 2019, workshopul LEXICOM Europe workshop, Mikulov, Cehia<\/span><\/span><span class=\"post-navigation__arrow-wrapper post-navigation__arrow-next\"><i class=\"fa fa-angle-right\" aria-hidden=\"true\"><\/i><span class=\"elementor-screen-only\">Next<\/span><\/span><\/a>\t\t\t<\/div>\n\t\t<\/div>\n\t\t\t\t<\/div>\n\t\t\t\t<\/div>\n\t\t\t\t\t<\/div>\n\t\t<\/div>\n\t\t\t\t\t\t\t<\/div>\n\t\t<\/section>\n\t\t\t\t\t\t\t<\/div>\n\t\t","protected":false},"excerpt":{"rendered":"<p>Claudia Doroholschi a participat la conferin\u021ba EATAW 2019 care a avut loc \u00een 1-4 iulie 2019 la Goteborg, Suedia, prezent\u00e2nd dou\u0103 lucr\u0103ri:\u00a0 \u201c\u2018Cross-Disciplinary Academic Genre Research: a corpus-based methodological model\u201d (co-autori M\u0103d\u0103lina Chitez, Loredana Bercuci \u0219i Daniel Luche\u0219) \u0219i \u201cWriting encounters within the EU\u2019s Erasmus+ student exchange program: challenges, solutions and implications\u201d (co-autor Cristina B\u0103niceru). [&hellip;]<\/p>\n","protected":false},"author":1,"featured_media":0,"comment_status":"open","ping_status":"open","sticky":false,"template":"elementor_header_footer","format":"standard","meta":[],"categories":[1],"tags":[],"_links":{"self":[{"href":"http:\/\/roger.projects.uvt.ro\/ro\/wp-json\/wp\/v2\/posts\/1391"}],"collection":[{"href":"http:\/\/roger.projects.uvt.ro\/ro\/wp-json\/wp\/v2\/posts"}],"about":[{"href":"http:\/\/roger.projects.uvt.ro\/ro\/wp-json\/wp\/v2\/types\/post"}],"author":[{"embeddable":true,"href":"http:\/\/roger.projects.uvt.ro\/ro\/wp-json\/wp\/v2\/users\/1"}],"replies":[{"embeddable":true,"href":"http:\/\/roger.projects.uvt.ro\/ro\/wp-json\/wp\/v2\/comments?post=1391"}],"version-history":[{"count":4,"href":"http:\/\/roger.projects.uvt.ro\/ro\/wp-json\/wp\/v2\/posts\/1391\/revisions"}],"predecessor-version":[{"id":1395,"href":"http:\/\/roger.projects.uvt.ro\/ro\/wp-json\/wp\/v2\/posts\/1391\/revisions\/1395"}],"wp:attachment":[{"href":"http:\/\/roger.projects.uvt.ro\/ro\/wp-json\/wp\/v2\/media?parent=1391"}],"wp:term":[{"taxonomy":"category","embeddable":true,"href":"http:\/\/roger.projects.uvt.ro\/ro\/wp-json\/wp\/v2\/categories?post=1391"},{"taxonomy":"post_tag","embeddable":true,"href":"http:\/\/roger.projects.uvt.ro\/ro\/wp-json\/wp\/v2\/tags?post=1391"}],"curies":[{"name":"wp","href":"https:\/\/api.w.org\/{rel}","templated":true}]}}