{"id":1474,"date":"2018-11-21T12:03:49","date_gmt":"2018-11-21T12:03:49","guid":{"rendered":"http:\/\/roger.projects.uvt.ro\/?p=1474"},"modified":"2023-03-23T13:01:58","modified_gmt":"2023-03-23T13:01:58","slug":"noiembrie-2018-depunerea-propunerii-de-actiune-cost-prowoke","status":"publish","type":"post","link":"http:\/\/roger.projects.uvt.ro\/ro\/noiembrie-2018-depunerea-propunerii-de-actiune-cost-prowoke\/","title":{"rendered":"Noiembrie 2018, Vizita de cercetare pentru propunerea de proiect PROWOKE"},"content":{"rendered":"\t\t<div data-elementor-type=\"wp-post\" data-elementor-id=\"1474\" class=\"elementor elementor-1474\">\n\t\t\t\t\t\t\t\t\t<section class=\"elementor-section elementor-top-section elementor-element elementor-element-637316d elementor-section-boxed elementor-section-height-default elementor-section-height-default\" data-id=\"637316d\" data-element_type=\"section\">\n\t\t\t\t\t\t<div class=\"elementor-container elementor-column-gap-default\">\n\t\t\t\t\t<div class=\"elementor-column elementor-col-100 elementor-top-column elementor-element elementor-element-6f800e5\" data-id=\"6f800e5\" data-element_type=\"column\">\n\t\t\t<div class=\"elementor-widget-wrap elementor-element-populated\">\n\t\t\t\t\t\t\t\t<div class=\"elementor-element elementor-element-7f4035b elementor-widget elementor-widget-text-editor\" data-id=\"7f4035b\" data-element_type=\"widget\" data-widget_type=\"text-editor.default\">\n\t\t\t\t<div class=\"elementor-widget-container\">\n\t\t\t<style>\/*! elementor - v3.11.2 - 22-02-2023 *\/\n.elementor-widget-text-editor.elementor-drop-cap-view-stacked .elementor-drop-cap{background-color:#818a91;color:#fff}.elementor-widget-text-editor.elementor-drop-cap-view-framed .elementor-drop-cap{color:#818a91;border:3px solid;background-color:transparent}.elementor-widget-text-editor:not(.elementor-drop-cap-view-default) .elementor-drop-cap{margin-top:8px}.elementor-widget-text-editor:not(.elementor-drop-cap-view-default) .elementor-drop-cap-letter{width:1em;height:1em}.elementor-widget-text-editor .elementor-drop-cap{float:left;text-align:center;line-height:1;font-size:50px}.elementor-widget-text-editor .elementor-drop-cap-letter{display:inline-block}<\/style>\t\t\t\t<p><span style=\"font-weight: 400;\">Madalina Chitez, Claudia Doroholschi <\/span><span style=\"font-weight: 400;\">\u0219<\/span><span style=\"font-weight: 400;\">i Roxana Rogobete au depus \u00een noiembrie 2018, ca propun\u0103tori secundari, proiectul de ac<\/span><span style=\"font-weight: 400;\">\u021b<\/span><span style=\"font-weight: 400;\">iune COST intitulat <\/span><i><span style=\"font-weight: 400;\">PROWOKE \u2013 Creating the Writing for Work Network<\/span><\/i><span style=\"font-weight: 400;\">. Coordonat de c\u0103tre Prof. Kirstin Bromberg de la Hochschule f\u00fcr Technik und Wissenschaft des Saarlandes (htw saar), re<\/span><span style=\"font-weight: 400;\">\u021b<\/span><span style=\"font-weight: 400;\">eaua a fost creat\u0103 de 35 de propun\u0103tori din mai mult de 15 <\/span><span style=\"font-weight: 400;\">\u021b<\/span><span style=\"font-weight: 400;\">\u0103ri. Al\u0103turi de MindsHub Oeconomica Foundation, Universitatea de Vest din Timi<\/span><span style=\"font-weight: 400;\">\u0219<\/span><span style=\"font-weight: 400;\">oara a fixat Rom\u00e2nia ca <\/span><span style=\"font-weight: 400;\">\u021b<\/span><span style=\"font-weight: 400;\">ara cu cea mai mare repezentativitate \u00een cadrul re<\/span><span style=\"font-weight: 400;\">\u021b<\/span><span style=\"font-weight: 400;\">elei de parteneri.<\/span><\/p><p><span style=\"font-weight: 400;\">Pentru a ajuta la preg\u0103tirea propunerii, Roxana Rogobete a c\u0103l\u0103torit la Saarbr\u00fccken, Germania, pentru a lucra impreuna cu Dna Prof. Kirstin Bromberg \u00een etapele finale ale procesului de depunere a propunerii.<\/span><\/p><p><b>Rezumatul propunerii de ac<\/b><b>\u021b<\/b><b>iune <\/b><b><i>PROWOKE<\/i><\/b><b>:\u00a0<\/b><\/p><p><i><span style=\"font-weight: 400;\">PROWOKE<\/span><\/i><span style=\"font-weight: 400;\"> \u00ee<\/span><span style=\"font-weight: 400;\">\u0219<\/span><span style=\"font-weight: 400;\">i propune s\u0103 reduc\u0103 decalajul \u00eentre deprinderile de scriere pe care studen<\/span><span style=\"font-weight: 400;\">\u021b<\/span><span style=\"font-weight: 400;\">ii le dob\u00e2ndesc pe parcursul studiilor universitare <\/span><span style=\"font-weight: 400;\">\u0219<\/span><span style=\"font-weight: 400;\">i abilit\u0103<\/span><span style=\"font-weight: 400;\">\u021b<\/span><span style=\"font-weight: 400;\">ile de care ace<\/span><span style=\"font-weight: 400;\">\u0219<\/span><span style=\"font-weight: 400;\">tia au nevoie la locul de munc\u0103. Acest fapt reprezint\u0103 o provocare \u00een perioada contemporan\u0103, c\u00e2nd avem de-a face cu o pia<\/span><span style=\"font-weight: 400;\">\u021b<\/span><span style=\"font-weight: 400;\">\u0103 a muncii din ce \u00een ce mai dinamic\u0103, globalizat\u0103 <\/span><span style=\"font-weight: 400;\">\u0219<\/span><span style=\"font-weight: 400;\">i digitalizat\u0103. Analiz\u00e2nd tipologia scrierii profesionale la locul de munc\u0103 <\/span><span style=\"font-weight: 400;\">\u0219<\/span><span style=\"font-weight: 400;\">i noi metode de predare pentru a forma competen<\/span><span style=\"font-weight: 400;\">\u021b<\/span><span style=\"font-weight: 400;\">ele de scriere profesional\u0103, <\/span><i><span style=\"font-weight: 400;\">PROWOKE<\/span><\/i><span style=\"font-weight: 400;\"> are ca scop coagularea unei re<\/span><span style=\"font-weight: 400;\">\u021b<\/span><span style=\"font-weight: 400;\">ele regionale, na<\/span><span style=\"font-weight: 400;\">\u021b<\/span><span style=\"font-weight: 400;\">ionale <\/span><span style=\"font-weight: 400;\">\u0219<\/span><span style=\"font-weight: 400;\">i interna<\/span><span style=\"font-weight: 400;\">\u021b<\/span><span style=\"font-weight: 400;\">ionale pentru cre<\/span><span style=\"font-weight: 400;\">\u0219<\/span><span style=\"font-weight: 400;\">terea gradului de angajare \u00een r\u00e2ndul studen<\/span><span style=\"font-weight: 400;\">\u021b<\/span><span style=\"font-weight: 400;\">ilor, familiarizarea acestora cu nevoile <\/span><span style=\"font-weight: 400;\">\u0219<\/span><span style=\"font-weight: 400;\">i cerin<\/span><span style=\"font-weight: 400;\">\u021b<\/span><span style=\"font-weight: 400;\">ele angajatorilor pentru a u<\/span><span style=\"font-weight: 400;\">\u0219<\/span><span style=\"font-weight: 400;\">ura tranzi<\/span><span style=\"font-weight: 400;\">\u021b<\/span><span style=\"font-weight: 400;\">ia de la mediul educa<\/span><span style=\"font-weight: 400;\">\u021b<\/span><span style=\"font-weight: 400;\">ional la cel profesional. Practic, ac<\/span><span style=\"font-weight: 400;\">\u021b<\/span><span style=\"font-weight: 400;\">iunea urm\u0103re<\/span><span style=\"font-weight: 400;\">\u0219<\/span><span style=\"font-weight: 400;\">te s\u0103 preg\u0103teasc\u0103 adecvat studen<\/span><span style=\"font-weight: 400;\">\u021b<\/span><span style=\"font-weight: 400;\">ii pentru <\/span><i><span style=\"font-weight: 400;\">taskurile<\/span><\/i><span style=\"font-weight: 400;\"> referitoare la <\/span><i><span style=\"font-weight: 400;\">writing<\/span><\/i> <span style=\"font-weight: 400;\">\u0219<\/span><span style=\"font-weight: 400;\">i comunicare scris\u0103 \u00een diferite contexte profesionale.\u00a0<\/span><\/p><p><span style=\"font-weight: 400;\">La momentul depunerii proiectului (noiembrie 2018), acesta implica deja 35 de parteneri din peste 15 <\/span><span style=\"font-weight: 400;\">\u021b<\/span><span style=\"font-weight: 400;\">\u0103ri (Germania, Elve<\/span><span style=\"font-weight: 400;\">\u021b<\/span><span style=\"font-weight: 400;\">ia, Italia, Danemarca, SUA, Canada, Rom\u00e2nia, Spania, Macedonia, Ucraina, Grecia, Bulgaria, Portugalia etc.), parteneri apar<\/span><span style=\"font-weight: 400;\">\u021b<\/span><span style=\"font-weight: 400;\">in\u00e2nd mediului universitar, privat ori institu<\/span><span style=\"font-weight: 400;\">\u021b<\/span><span style=\"font-weight: 400;\">ional-public din domenii precum <\/span><span style=\"font-weight: 400;\">\u0219<\/span><span style=\"font-weight: 400;\">tiin<\/span><span style=\"font-weight: 400;\">\u021b<\/span><span style=\"font-weight: 400;\">e economice\/business, <\/span><span style=\"font-weight: 400;\">\u0219<\/span><span style=\"font-weight: 400;\">tiin<\/span><span style=\"font-weight: 400;\">\u021b<\/span><span style=\"font-weight: 400;\">e sociale (de exemplu, asisten<\/span><span style=\"font-weight: 400;\">\u021b<\/span><span style=\"font-weight: 400;\">\u0103 social\u0103), <\/span><span style=\"font-weight: 400;\">\u0219<\/span><span style=\"font-weight: 400;\">tiin<\/span><span style=\"font-weight: 400;\">\u021b<\/span><span style=\"font-weight: 400;\">e ale comunic\u0103rii, <\/span><span style=\"font-weight: 400;\">\u0219<\/span><span style=\"font-weight: 400;\">tiin<\/span><span style=\"font-weight: 400;\">\u021b<\/span><span style=\"font-weight: 400;\">e umaniste (sociolingvistic\u0103, analiza discursului etc.), <\/span><span style=\"font-weight: 400;\">\u0219<\/span><span style=\"font-weight: 400;\">tiin<\/span><span style=\"font-weight: 400;\">\u021b<\/span><span style=\"font-weight: 400;\">e medicale, <\/span><span style=\"font-weight: 400;\">\u0219<\/span><span style=\"font-weight: 400;\">tiin<\/span><span style=\"font-weight: 400;\">\u021b<\/span><span style=\"font-weight: 400;\">e inginere<\/span><span style=\"font-weight: 400;\">\u0219<\/span><span style=\"font-weight: 400;\">ti. PROWOKE are nevoie, astfel, de conectarea actorilor din mediul academic <\/span><span style=\"font-weight: 400;\">\u0219<\/span><span style=\"font-weight: 400;\">i profesional pentru configurarea unei re<\/span><span style=\"font-weight: 400;\">\u021b<\/span><span style=\"font-weight: 400;\">ele de lucru.\u00a0<\/span><\/p><p><span style=\"font-weight: 400;\">\u00centr-o prim\u0103 faz\u0103 a ac<\/span><span style=\"font-weight: 400;\">\u021b<\/span><span style=\"font-weight: 400;\">iunii (proiectate pe parcursul a patru ani), grupurile de lucru vor identifica genurile de scriere profesional\u0103 necesare\/utilizate \u00een diferite domenii din cadrul institu<\/span><span style=\"font-weight: 400;\">\u021b<\/span><span style=\"font-weight: 400;\">iilor implicate (<\/span><span style=\"font-weight: 400;\">\u0219<\/span><span style=\"font-weight: 400;\">tiin<\/span><span style=\"font-weight: 400;\">\u021b<\/span><span style=\"font-weight: 400;\">e sociale, tehnologice, economice, umaniste etc.), pentru \u00een<\/span><span style=\"font-weight: 400;\">\u021b<\/span><span style=\"font-weight: 400;\">elegerea practicilor textuale indispensabile pe pia<\/span><span style=\"font-weight: 400;\">\u021b<\/span><span style=\"font-weight: 400;\">a muncii. Implicarea <\/span><i><span style=\"font-weight: 400;\">stakeholderilor<\/span><\/i><span style=\"font-weight: 400;\"> const\u0103, \u00een aceast\u0103 etap\u0103, \u00een ajutorul oferit spre a depista dificult\u0103<\/span><span style=\"font-weight: 400;\">\u021b<\/span><span style=\"font-weight: 400;\">ile pe care tinerii angaja<\/span><span style=\"font-weight: 400;\">\u021b<\/span><span style=\"font-weight: 400;\">i le au \u00een contextele comunicative. \u00cen acest fel, partenerii educa<\/span><span style=\"font-weight: 400;\">\u021b<\/span><span style=\"font-weight: 400;\">ionali se pot axa, \u00een a doua etap\u0103, pe conturarea unor m\u0103suri de \u00eembun\u0103t\u0103<\/span><span style=\"font-weight: 400;\">\u021b<\/span><span style=\"font-weight: 400;\">ire a strategiilor retorice ori a tehnicilor de scriere utilizate \u00een mediul academic, precum <\/span><span style=\"font-weight: 400;\">\u0219<\/span><span style=\"font-weight: 400;\">i pe accentuarea capacit\u0103<\/span><span style=\"font-weight: 400;\">\u021b<\/span><span style=\"font-weight: 400;\">ii studen<\/span><span style=\"font-weight: 400;\">\u021b<\/span><span style=\"font-weight: 400;\">ilor <\/span><span style=\"font-weight: 400;\">\u0219<\/span><span style=\"font-weight: 400;\">i viitorilor angaja<\/span><span style=\"font-weight: 400;\">\u021b<\/span><span style=\"font-weight: 400;\">i de a se raporta critic la procesul de scriere. Aceste m\u0103suri de remediere pot fi implementate, pe de o parte, prin modificarea <\/span><span style=\"font-weight: 400;\">\u0219<\/span><span style=\"font-weight: 400;\">i adaptarea curriculei universitare, iar, pe de alt\u0103 parte, pe pia<\/span><span style=\"font-weight: 400;\">\u021b<\/span><span style=\"font-weight: 400;\">a muncii cu sprijinul <\/span><i><span style=\"font-weight: 400;\">stakeholderilor<\/span><\/i><span style=\"font-weight: 400;\">.<\/span><\/p>\t\t\t\t\t\t<\/div>\n\t\t\t\t<\/div>\n\t\t\t\t<div class=\"elementor-element elementor-element-b99ae8d elementor-widget elementor-widget-image\" data-id=\"b99ae8d\" data-element_type=\"widget\" data-widget_type=\"image.default\">\n\t\t\t\t<div class=\"elementor-widget-container\">\n\t\t\t<style>\/*! elementor - v3.11.2 - 22-02-2023 *\/\n.elementor-widget-image{text-align:center}.elementor-widget-image a{display:inline-block}.elementor-widget-image a img[src$=\".svg\"]{width:48px}.elementor-widget-image img{vertical-align:middle;display:inline-block}<\/style>\t\t\t\t\t\t\t\t\t\t\t\t<img decoding=\"async\" width=\"800\" height=\"450\" src=\"http:\/\/roger.projects.uvt.ro\/wp-content\/uploads\/2023\/03\/1-1-1024x576.png\" class=\"attachment-large size-large wp-image-1473\" alt=\"\" loading=\"lazy\" srcset=\"http:\/\/roger.projects.uvt.ro\/wp-content\/uploads\/2023\/03\/1-1-1024x576.png 1024w, http:\/\/roger.projects.uvt.ro\/wp-content\/uploads\/2023\/03\/1-1-300x169.png 300w, http:\/\/roger.projects.uvt.ro\/wp-content\/uploads\/2023\/03\/1-1-768x432.png 768w, http:\/\/roger.projects.uvt.ro\/wp-content\/uploads\/2023\/03\/1-1.png 1366w\" sizes=\"(max-width: 800px) 100vw, 800px\" \/>\t\t\t\t\t\t\t\t\t\t\t\t\t\t\t<\/div>\n\t\t\t\t<\/div>\n\t\t\t\t<div class=\"elementor-element elementor-element-4871f64 elementor-widget elementor-widget-text-editor\" data-id=\"4871f64\" data-element_type=\"widget\" data-widget_type=\"text-editor.default\">\n\t\t\t\t<div class=\"elementor-widget-container\">\n\t\t\t\t\t\t\t<p><span style=\"font-weight: 400;\">Mai multe informa<\/span><span style=\"font-weight: 400;\">\u021b<\/span><span style=\"font-weight: 400;\">ii despre ac<\/span><span style=\"font-weight: 400;\">\u021b<\/span><span style=\"font-weight: 400;\">iunile COST pot fi g\u0103site <\/span><a href=\"https:\/\/www.cost.eu\/\"><span style=\"font-weight: 400;\">aici<\/span><\/a><span style=\"font-weight: 400;\">.<\/span><\/p><p><span style=\"font-weight: 400;\">Impresii:\u00a0<\/span><\/p><ul><li style=\"font-weight: 400;\" aria-level=\"1\"><span style=\"font-weight: 400;\">Activitatea a reprezentat un foarte bun exerci<\/span><span style=\"font-weight: 400;\">\u021b<\/span><span style=\"font-weight: 400;\">iu pentru a c\u00e2<\/span><span style=\"font-weight: 400;\">\u0219<\/span><span style=\"font-weight: 400;\">tiga experien<\/span><span style=\"font-weight: 400;\">\u021b<\/span><span style=\"font-weight: 400;\">\u0103 \u00een scrierea de proiecte, colaborarea dintre parteneri put\u00e2nd fi utilizat\u0103 <\/span><span style=\"font-weight: 400;\">\u0219<\/span><span style=\"font-weight: 400;\">i cu alte ocazii.\u00a0<\/span><\/li><\/ul><p><span style=\"font-weight: 400;\">Re<\/span><span style=\"font-weight: 400;\">\u021b<\/span><span style=\"font-weight: 400;\">eaua PROWOKE:\u00a0\u00a0<\/span><\/p>\t\t\t\t\t\t<\/div>\n\t\t\t\t<\/div>\n\t\t\t\t<div class=\"elementor-element elementor-element-cff4550 elementor-widget elementor-widget-image\" data-id=\"cff4550\" data-element_type=\"widget\" data-widget_type=\"image.default\">\n\t\t\t\t<div class=\"elementor-widget-container\">\n\t\t\t\t\t\t\t\t\t\t\t\t\t\t\t<img decoding=\"async\" width=\"728\" height=\"1024\" src=\"http:\/\/roger.projects.uvt.ro\/wp-content\/uploads\/2023\/03\/p2-728x1024.jpg\" class=\"attachment-large size-large wp-image-1471\" alt=\"\" loading=\"lazy\" srcset=\"http:\/\/roger.projects.uvt.ro\/wp-content\/uploads\/2023\/03\/p2-728x1024.jpg 728w, http:\/\/roger.projects.uvt.ro\/wp-content\/uploads\/2023\/03\/p2-213x300.jpg 213w, http:\/\/roger.projects.uvt.ro\/wp-content\/uploads\/2023\/03\/p2-768x1080.jpg 768w, http:\/\/roger.projects.uvt.ro\/wp-content\/uploads\/2023\/03\/p2.jpg 1057w\" sizes=\"(max-width: 728px) 100vw, 728px\" \/>\t\t\t\t\t\t\t\t\t\t\t\t\t\t\t<\/div>\n\t\t\t\t<\/div>\n\t\t\t\t\t<\/div>\n\t\t<\/div>\n\t\t\t\t\t\t\t<\/div>\n\t\t<\/section>\n\t\t\t\t<section class=\"elementor-section elementor-top-section elementor-element elementor-element-db0d881 elementor-section-boxed elementor-section-height-default elementor-section-height-default\" data-id=\"db0d881\" data-element_type=\"section\">\n\t\t\t\t\t\t<div class=\"elementor-container elementor-column-gap-default\">\n\t\t\t\t\t<div class=\"elementor-column elementor-col-100 elementor-top-column elementor-element elementor-element-e7b7af2\" data-id=\"e7b7af2\" data-element_type=\"column\">\n\t\t\t<div class=\"elementor-widget-wrap elementor-element-populated\">\n\t\t\t\t\t\t\t\t<div class=\"elementor-element elementor-element-63cc5a2 elementor-post-navigation-borders-yes elementor-widget elementor-widget-post-navigation\" data-id=\"63cc5a2\" data-element_type=\"widget\" data-widget_type=\"post-navigation.default\">\n\t\t\t\t<div class=\"elementor-widget-container\">\n\t\t\t<link rel=\"stylesheet\" href=\"http:\/\/roger.projects.uvt.ro\/wp-content\/plugins\/elementor-pro\/assets\/css\/widget-theme-elements.min.css\">\t\t<div class=\"elementor-post-navigation\">\n\t\t\t<div class=\"elementor-post-navigation__prev elementor-post-navigation__link\">\n\t\t\t\t<a href=\"http:\/\/roger.projects.uvt.ro\/ro\/noiembrie-2018-conferinta-1st-literacy-summit-porto-portugalia-1\/\" rel=\"prev\"><span class=\"post-navigation__arrow-wrapper post-navigation__arrow-prev\"><i class=\"fa fa-angle-left\" aria-hidden=\"true\"><\/i><span class=\"elementor-screen-only\">Prev<\/span><\/span><span class=\"elementor-post-navigation__link__prev\"><span class=\"post-navigation__prev--label\">Previous<\/span><span class=\"post-navigation__prev--title\">Noiembrie 2018, conferin\u021ba 1st Literacy Summit, Porto, Portugalia (1)<\/span><\/span><\/a>\t\t\t<\/div>\n\t\t\t\t\t\t\t<div class=\"elementor-post-navigation__separator-wrapper\">\n\t\t\t\t\t<div class=\"elementor-post-navigation__separator\"><\/div>\n\t\t\t\t<\/div>\n\t\t\t\t\t\t<div class=\"elementor-post-navigation__next elementor-post-navigation__link\">\n\t\t\t\t<a href=\"http:\/\/roger.projects.uvt.ro\/ro\/november-2018-1st-literacy-summit-porto-portugal-1\/\" rel=\"next\"><span class=\"elementor-post-navigation__link__next\"><span class=\"post-navigation__next--label\">Next<\/span><span class=\"post-navigation__next--title\">Noiembrie 2018, 1st Literacy Summit Porto, Portugalia<\/span><\/span><span class=\"post-navigation__arrow-wrapper post-navigation__arrow-next\"><i class=\"fa fa-angle-right\" aria-hidden=\"true\"><\/i><span class=\"elementor-screen-only\">Next<\/span><\/span><\/a>\t\t\t<\/div>\n\t\t<\/div>\n\t\t\t\t<\/div>\n\t\t\t\t<\/div>\n\t\t\t\t\t<\/div>\n\t\t<\/div>\n\t\t\t\t\t\t\t<\/div>\n\t\t<\/section>\n\t\t\t\t\t\t\t<\/div>\n\t\t","protected":false},"excerpt":{"rendered":"<p>Madalina Chitez, Claudia Doroholschi \u0219i Roxana Rogobete au depus \u00een noiembrie 2018, ca propun\u0103tori secundari, proiectul de ac\u021biune COST intitulat PROWOKE \u2013 Creating the Writing for Work Network. Coordonat de c\u0103tre Prof. Kirstin Bromberg de la Hochschule f\u00fcr Technik und Wissenschaft des Saarlandes (htw saar), re\u021beaua a fost creat\u0103 de 35 de propun\u0103tori din mai [&hellip;]<\/p>\n","protected":false},"author":1,"featured_media":0,"comment_status":"open","ping_status":"open","sticky":false,"template":"elementor_header_footer","format":"standard","meta":[],"categories":[1],"tags":[],"_links":{"self":[{"href":"http:\/\/roger.projects.uvt.ro\/ro\/wp-json\/wp\/v2\/posts\/1474"}],"collection":[{"href":"http:\/\/roger.projects.uvt.ro\/ro\/wp-json\/wp\/v2\/posts"}],"about":[{"href":"http:\/\/roger.projects.uvt.ro\/ro\/wp-json\/wp\/v2\/types\/post"}],"author":[{"embeddable":true,"href":"http:\/\/roger.projects.uvt.ro\/ro\/wp-json\/wp\/v2\/users\/1"}],"replies":[{"embeddable":true,"href":"http:\/\/roger.projects.uvt.ro\/ro\/wp-json\/wp\/v2\/comments?post=1474"}],"version-history":[{"count":5,"href":"http:\/\/roger.projects.uvt.ro\/ro\/wp-json\/wp\/v2\/posts\/1474\/revisions"}],"predecessor-version":[{"id":1705,"href":"http:\/\/roger.projects.uvt.ro\/ro\/wp-json\/wp\/v2\/posts\/1474\/revisions\/1705"}],"wp:attachment":[{"href":"http:\/\/roger.projects.uvt.ro\/ro\/wp-json\/wp\/v2\/media?parent=1474"}],"wp:term":[{"taxonomy":"category","embeddable":true,"href":"http:\/\/roger.projects.uvt.ro\/ro\/wp-json\/wp\/v2\/categories?post=1474"},{"taxonomy":"post_tag","embeddable":true,"href":"http:\/\/roger.projects.uvt.ro\/ro\/wp-json\/wp\/v2\/tags?post=1474"}],"curies":[{"name":"wp","href":"https:\/\/api.w.org\/{rel}","templated":true}]}}