{"id":1499,"date":"2018-11-19T12:45:47","date_gmt":"2018-11-19T12:45:47","guid":{"rendered":"http:\/\/roger.projects.uvt.ro\/?p=1499"},"modified":"2023-03-21T12:46:30","modified_gmt":"2023-03-21T12:46:30","slug":"noiembrie-2018-conferinta-1st-literacy-summit-porto-portugalia-1","status":"publish","type":"post","link":"http:\/\/roger.projects.uvt.ro\/ro\/noiembrie-2018-conferinta-1st-literacy-summit-porto-portugalia-1\/","title":{"rendered":"Noiembrie 2018, conferin\u021ba 1st Literacy Summit, Porto, Portugalia (1)"},"content":{"rendered":"\t\t<div data-elementor-type=\"wp-post\" data-elementor-id=\"1499\" class=\"elementor elementor-1499\">\n\t\t\t\t\t\t\t\t\t<section class=\"elementor-section elementor-top-section elementor-element elementor-element-da15e54 elementor-section-boxed elementor-section-height-default elementor-section-height-default\" data-id=\"da15e54\" data-element_type=\"section\">\n\t\t\t\t\t\t<div class=\"elementor-container elementor-column-gap-default\">\n\t\t\t\t\t<div class=\"elementor-column elementor-col-100 elementor-top-column elementor-element elementor-element-9643501\" data-id=\"9643501\" data-element_type=\"column\">\n\t\t\t<div class=\"elementor-widget-wrap elementor-element-populated\">\n\t\t\t\t\t\t\t\t<div class=\"elementor-element elementor-element-6b8feef elementor-widget elementor-widget-text-editor\" data-id=\"6b8feef\" data-element_type=\"widget\" data-widget_type=\"text-editor.default\">\n\t\t\t\t<div class=\"elementor-widget-container\">\n\t\t\t<style>\/*! elementor - v3.11.2 - 22-02-2023 *\/\n.elementor-widget-text-editor.elementor-drop-cap-view-stacked .elementor-drop-cap{background-color:#818a91;color:#fff}.elementor-widget-text-editor.elementor-drop-cap-view-framed .elementor-drop-cap{color:#818a91;border:3px solid;background-color:transparent}.elementor-widget-text-editor:not(.elementor-drop-cap-view-default) .elementor-drop-cap{margin-top:8px}.elementor-widget-text-editor:not(.elementor-drop-cap-view-default) .elementor-drop-cap-letter{width:1em;height:1em}.elementor-widget-text-editor .elementor-drop-cap{float:left;text-align:center;line-height:1;font-size:50px}.elementor-widget-text-editor .elementor-drop-cap-letter{display:inline-block}<\/style>\t\t\t\t<p><span style=\"font-weight: 400;\">Claudia Doroholschi a prezentat lucrarea (\u00een colaborare cu Kristin Solli) \u201c\u2018The material you\u2019re working with is yourself\u2019: Student learning experiences with thesis writing\u201d \u00een cadrul 1st Literacy Summit din Porto, 1-3 noiembrie 2018. Lucrarea a rezultat \u00een urma ac\u021biunii COST 1401 ELN \u0219i a f\u0103cut parte din simpozionul &#8222;Exploring dissertation\/thesis writing from the students&#8217; perspective: The &#8216;what&#8217;, the &#8216;how&#8217;, and the &#8216;why'&#8221;, condus de Bojana Petri\u0107.<\/span><\/p><p><span style=\"font-weight: 400;\">Mai multe informa\u021bii <\/span><a href=\"https:\/\/www.is1401eln.eu\/en\/events-2\/meetings\/1st-literacy-summit\/\"><span style=\"font-weight: 400;\">aici<\/span><\/a><span style=\"font-weight: 400;\">.<\/span><\/p><p><span style=\"font-weight: 400;\">Rezumat<\/span><\/p><p><span style=\"font-weight: 400;\">Tezele de licen\u021b\u0103 \u0219i de masterat sunt utilizate pe scar\u0103 larg\u0103 pentru a evalua abilit\u0103\u021bile de cercetare ale studen\u021bilor \u00eentr-o anumit\u0103 disciplin\u0103 \u0219i pentru a se asigura c\u0103 au loc anumite procese de \u00eenv\u0103\u021bare. Acest studiu a folosit interviuri semi-structurate cu studen\u021bi care au finalizat teze de masterat \u0219i de licen\u021b\u0103 \u00een mai multe universit\u0103\u021bi din Europa, pentru a explora percep\u021biile studen\u021bilor cu privire la experien\u021bele lor de \u00eenv\u0103\u021bare \u00een timpul procesului de redactare a tezei. Studen\u021bii au fost ruga\u021bi s\u0103 descrie experien\u021bele lor de \u00eenv\u0103\u021bare \u00een timpul procesului de scriere, indic\u00e2nd momentele \u00een care au sim\u021bit c\u0103 a avut loc o \u00eenv\u0103\u021bare de orice fel. Lucrarea a \u00eencercat s\u0103 identifice orice puncte comune \u00een modul \u00een care studen\u021bii experimenteaz\u0103 \u00eenv\u0103\u021barea \u00een diferite contexte, s\u0103 eviden\u021bieze aspecte ale \u00eenv\u0103\u021b\u0103rii care sunt importante pentru studen\u021bii \u00een\u0219i\u0219i, dar care pot fi trecute cu vederea de institu\u021bii, supervizori etc. \u0219i s\u0103 sugereze implica\u021biile pe care aspectele subliniate mai sus le au pentru sprijinul \u0219i coordonarea institu\u021bional\u0103 la nivel de licen\u021b\u0103 \u0219i masterat.<\/span><\/p>\t\t\t\t\t\t<\/div>\n\t\t\t\t<\/div>\n\t\t\t\t\t<\/div>\n\t\t<\/div>\n\t\t\t\t\t\t\t<\/div>\n\t\t<\/section>\n\t\t\t\t<section class=\"elementor-section elementor-top-section elementor-element elementor-element-5f247ed elementor-section-boxed elementor-section-height-default elementor-section-height-default\" data-id=\"5f247ed\" data-element_type=\"section\">\n\t\t\t\t\t\t<div class=\"elementor-container elementor-column-gap-default\">\n\t\t\t\t\t<div class=\"elementor-column elementor-col-100 elementor-top-column elementor-element elementor-element-0690ff7\" data-id=\"0690ff7\" data-element_type=\"column\">\n\t\t\t<div class=\"elementor-widget-wrap elementor-element-populated\">\n\t\t\t\t\t\t\t\t<div class=\"elementor-element elementor-element-c15f76a elementor-post-navigation-borders-yes elementor-widget elementor-widget-post-navigation\" data-id=\"c15f76a\" data-element_type=\"widget\" data-widget_type=\"post-navigation.default\">\n\t\t\t\t<div class=\"elementor-widget-container\">\n\t\t\t<link rel=\"stylesheet\" href=\"http:\/\/roger.projects.uvt.ro\/wp-content\/plugins\/elementor-pro\/assets\/css\/widget-theme-elements.min.css\">\t\t<div class=\"elementor-post-navigation\">\n\t\t\t<div class=\"elementor-post-navigation__prev elementor-post-navigation__link\">\n\t\t\t\t<a href=\"http:\/\/roger.projects.uvt.ro\/ro\/noiembrie-2018-participare-conferinta-iasi-romania\/\" rel=\"prev\"><span class=\"post-navigation__arrow-wrapper post-navigation__arrow-prev\"><i class=\"fa fa-angle-left\" aria-hidden=\"true\"><\/i><span class=\"elementor-screen-only\">Prev<\/span><\/span><span class=\"elementor-post-navigation__link__prev\"><span class=\"post-navigation__prev--label\">Previous<\/span><span class=\"post-navigation__prev--title\">Noiembrie 2018, participare conferin\u021b\u0103, Ia\u0219i, Rom\u00e2nia<\/span><\/span><\/a>\t\t\t<\/div>\n\t\t\t\t\t\t\t<div class=\"elementor-post-navigation__separator-wrapper\">\n\t\t\t\t\t<div class=\"elementor-post-navigation__separator\"><\/div>\n\t\t\t\t<\/div>\n\t\t\t\t\t\t<div class=\"elementor-post-navigation__next elementor-post-navigation__link\">\n\t\t\t\t<a href=\"http:\/\/roger.projects.uvt.ro\/ro\/noiembrie-2018-depunerea-propunerii-de-actiune-cost-prowoke\/\" rel=\"next\"><span class=\"elementor-post-navigation__link__next\"><span class=\"post-navigation__next--label\">Next<\/span><span class=\"post-navigation__next--title\">Noiembrie 2018, Vizita de cercetare pentru propunerea de proiect PROWOKE<\/span><\/span><span class=\"post-navigation__arrow-wrapper post-navigation__arrow-next\"><i class=\"fa fa-angle-right\" aria-hidden=\"true\"><\/i><span class=\"elementor-screen-only\">Next<\/span><\/span><\/a>\t\t\t<\/div>\n\t\t<\/div>\n\t\t\t\t<\/div>\n\t\t\t\t<\/div>\n\t\t\t\t\t<\/div>\n\t\t<\/div>\n\t\t\t\t\t\t\t<\/div>\n\t\t<\/section>\n\t\t\t\t\t\t\t<\/div>\n\t\t","protected":false},"excerpt":{"rendered":"<p>Claudia Doroholschi a prezentat lucrarea (\u00een colaborare cu Kristin Solli) \u201c\u2018The material you\u2019re working with is yourself\u2019: Student learning experiences with thesis writing\u201d \u00een cadrul 1st Literacy Summit din Porto, 1-3 noiembrie 2018. Lucrarea a rezultat \u00een urma ac\u021biunii COST 1401 ELN \u0219i a f\u0103cut parte din simpozionul &#8222;Exploring dissertation\/thesis writing from the students&#8217; perspective: [&hellip;]<\/p>\n","protected":false},"author":1,"featured_media":0,"comment_status":"open","ping_status":"open","sticky":false,"template":"elementor_header_footer","format":"standard","meta":[],"categories":[1],"tags":[],"_links":{"self":[{"href":"http:\/\/roger.projects.uvt.ro\/ro\/wp-json\/wp\/v2\/posts\/1499"}],"collection":[{"href":"http:\/\/roger.projects.uvt.ro\/ro\/wp-json\/wp\/v2\/posts"}],"about":[{"href":"http:\/\/roger.projects.uvt.ro\/ro\/wp-json\/wp\/v2\/types\/post"}],"author":[{"embeddable":true,"href":"http:\/\/roger.projects.uvt.ro\/ro\/wp-json\/wp\/v2\/users\/1"}],"replies":[{"embeddable":true,"href":"http:\/\/roger.projects.uvt.ro\/ro\/wp-json\/wp\/v2\/comments?post=1499"}],"version-history":[{"count":4,"href":"http:\/\/roger.projects.uvt.ro\/ro\/wp-json\/wp\/v2\/posts\/1499\/revisions"}],"predecessor-version":[{"id":1503,"href":"http:\/\/roger.projects.uvt.ro\/ro\/wp-json\/wp\/v2\/posts\/1499\/revisions\/1503"}],"wp:attachment":[{"href":"http:\/\/roger.projects.uvt.ro\/ro\/wp-json\/wp\/v2\/media?parent=1499"}],"wp:term":[{"taxonomy":"category","embeddable":true,"href":"http:\/\/roger.projects.uvt.ro\/ro\/wp-json\/wp\/v2\/categories?post=1499"},{"taxonomy":"post_tag","embeddable":true,"href":"http:\/\/roger.projects.uvt.ro\/ro\/wp-json\/wp\/v2\/tags?post=1499"}],"curies":[{"name":"wp","href":"https:\/\/api.w.org\/{rel}","templated":true}]}}