{"id":1507,"date":"2018-11-21T12:48:20","date_gmt":"2018-11-21T12:48:20","guid":{"rendered":"http:\/\/roger.projects.uvt.ro\/?p=1507"},"modified":"2023-03-21T13:04:19","modified_gmt":"2023-03-21T13:04:19","slug":"noiembrie-2018-scoala-de-iarna-intervention-research-in-education-from-planning-to-publishing-porto-portugalia","status":"publish","type":"post","link":"http:\/\/roger.projects.uvt.ro\/ro\/noiembrie-2018-scoala-de-iarna-intervention-research-in-education-from-planning-to-publishing-porto-portugalia\/","title":{"rendered":"Noiembrie 2018, \u0219coala de iarn\u0103 Intervention Research in Education: From Planning to"},"content":{"rendered":"\t\t<div data-elementor-type=\"wp-post\" data-elementor-id=\"1507\" class=\"elementor elementor-1507\">\n\t\t\t\t\t\t\t\t\t<section class=\"elementor-section elementor-top-section elementor-element elementor-element-8f3145e elementor-section-boxed elementor-section-height-default elementor-section-height-default\" data-id=\"8f3145e\" data-element_type=\"section\">\n\t\t\t\t\t\t<div class=\"elementor-container elementor-column-gap-default\">\n\t\t\t\t\t<div class=\"elementor-column elementor-col-100 elementor-top-column elementor-element elementor-element-a4fd745\" data-id=\"a4fd745\" data-element_type=\"column\">\n\t\t\t<div class=\"elementor-widget-wrap elementor-element-populated\">\n\t\t\t\t\t\t\t\t<div class=\"elementor-element elementor-element-9930982 elementor-widget elementor-widget-text-editor\" data-id=\"9930982\" data-element_type=\"widget\" data-widget_type=\"text-editor.default\">\n\t\t\t\t<div class=\"elementor-widget-container\">\n\t\t\t<style>\/*! elementor - v3.11.2 - 22-02-2023 *\/\n.elementor-widget-text-editor.elementor-drop-cap-view-stacked .elementor-drop-cap{background-color:#818a91;color:#fff}.elementor-widget-text-editor.elementor-drop-cap-view-framed .elementor-drop-cap{color:#818a91;border:3px solid;background-color:transparent}.elementor-widget-text-editor:not(.elementor-drop-cap-view-default) .elementor-drop-cap{margin-top:8px}.elementor-widget-text-editor:not(.elementor-drop-cap-view-default) .elementor-drop-cap-letter{width:1em;height:1em}.elementor-widget-text-editor .elementor-drop-cap{float:left;text-align:center;line-height:1;font-size:50px}.elementor-widget-text-editor .elementor-drop-cap-letter{display:inline-block}<\/style>\t\t\t\t<p><span style=\"font-weight: 400;\">Claudia Doroholschi a participat la <\/span><span style=\"font-weight: 400;\">\u0219coala de iarn\u0103 <\/span><span style=\"font-weight: 400;\">Intervention Research in Education: From Planning to Publishing, organizat\u0103 la Facultatea de Psihologie <\/span><span style=\"font-weight: 400;\">\u0219i \u0218itin\u021bele Educa\u021biei de la Universitatea din Porto, <\/span><span style=\"font-weight: 400;\">5-7 noiembrie 2018.<\/span><\/p>\n<p><\/p>\n<p><span style=\"font-weight: 400;\">More information about this <\/span><span style=\"font-weight: 400;\">here<\/span><span style=\"font-weight: 400;\"> (<\/span><a href=\"https:\/\/sigarra.up.pt\/fpceup\/en\/noticias_geral.ver_noticia?p_nr=40617\"><span style=\"font-weight: 400;\">https:\/\/sigarra.up.pt\/fpceup\/en\/noticias_geral.ver_noticia?p_nr=40617<\/span><\/a> <span style=\"font-weight: 400;\">)<\/span><\/p>\n<p><\/p>\n<p><span style=\"font-weight: 400;\">Impressions&nbsp;<\/span><\/p>\n<p><span style=\"font-weight: 400;\">\u00cen cadrul <\/span><span style=\"font-weight: 400;\">\u0219colii de iarn\u0103 au sus\u021binut prelegeri c\u00e2\u021biva excelen\u021bi speciali\u0219ti \u00een domeniu, care au participat apoi \u0219i la sesiunile de workshop ale participan\u021bilor. Workshopurile \u0219i prelegerile au urm\u0103rit diferite aspect ale acestui tip de cercetare, de la planificarea riguroas\u0103 la resursele \u0219i expertiza necesar\u0103. Au avut loc schimburi de idei \u0219i experien\u021b\u0103 \u00eentre participan\u021bii care au provenit din medii diverse, deoarece \u0219coala a fost deschis\u0103 at\u00e2t cercet\u0103torilor cu experien\u021b\u0103, c\u00e2t \u0219i studen\u021bilor doctoranzi \u0219i tinerilor cercet\u0103tori din mai multe \u021b\u0103ri<\/span><\/p><p><span><span style=\"font-size: 12pt; font-family: &quot;Times New Roman&quot;; color: rgb(0, 0, 0); background-color: transparent; font-variant-numeric: normal; font-variant-east-asian: normal; font-variant-alternates: normal; vertical-align: baseline; white-space: pre-wrap;\"><span style=\"border:none;display:inline-block;overflow:hidden;width:1065px;height:648px;\"><img decoding=\"async\" loading=\"lazy\" alt=\"C:\\Users\\claudia\\Dropbox\\ROGER\\News\\Porto_photo.jpg\" src=\"https:\/\/lh6.googleusercontent.com\/gfHVy-dQB5ITVDbmfMeF4b9IvnbvG5eyQttB2bkAuuMneZzlPDnI67lPEKo3k-HTCk8JfUtsaxFgEaB6d9c2g4SKo90EOI6NbCD77ctq2QaN57NywWS4oD7gVhf4yWTRQOyd7353Gbe-_Q3_Tq5FQA\" width=\"1065\" height=\"648\" style=\"margin-left:0px;margin-top:0px;\"><\/span><\/span><\/span><span style=\"font-weight: 400;\"><br><\/span><\/p>\n<p><\/p>\t\t\t\t\t\t<\/div>\n\t\t\t\t<\/div>\n\t\t\t\t\t<\/div>\n\t\t<\/div>\n\t\t\t\t\t\t\t<\/div>\n\t\t<\/section>\n\t\t\t\t<section class=\"elementor-section elementor-top-section elementor-element elementor-element-177f04c elementor-section-boxed elementor-section-height-default elementor-section-height-default\" data-id=\"177f04c\" data-element_type=\"section\">\n\t\t\t\t\t\t<div class=\"elementor-container elementor-column-gap-default\">\n\t\t\t\t\t<div class=\"elementor-column elementor-col-100 elementor-top-column elementor-element elementor-element-5c9b36b\" data-id=\"5c9b36b\" data-element_type=\"column\">\n\t\t\t<div class=\"elementor-widget-wrap elementor-element-populated\">\n\t\t\t\t\t\t\t\t<div class=\"elementor-element elementor-element-923a6be elementor-post-navigation-borders-yes elementor-widget elementor-widget-post-navigation\" data-id=\"923a6be\" data-element_type=\"widget\" data-widget_type=\"post-navigation.default\">\n\t\t\t\t<div class=\"elementor-widget-container\">\n\t\t\t<link rel=\"stylesheet\" href=\"http:\/\/roger.projects.uvt.ro\/wp-content\/plugins\/elementor-pro\/assets\/css\/widget-theme-elements.min.css\">\t\t<div class=\"elementor-post-navigation\">\n\t\t\t<div class=\"elementor-post-navigation__prev elementor-post-navigation__link\">\n\t\t\t\t<a href=\"http:\/\/roger.projects.uvt.ro\/ro\/november-2018-1st-literacy-summit-porto-portugal-1\/\" rel=\"prev\"><span class=\"post-navigation__arrow-wrapper post-navigation__arrow-prev\"><i class=\"fa fa-angle-left\" aria-hidden=\"true\"><\/i><span class=\"elementor-screen-only\">Prev<\/span><\/span><span class=\"elementor-post-navigation__link__prev\"><span class=\"post-navigation__prev--label\">Previous<\/span><span class=\"post-navigation__prev--title\">Noiembrie 2018, 1st Literacy Summit Porto, Portugalia<\/span><\/span><\/a>\t\t\t<\/div>\n\t\t\t\t\t\t\t<div class=\"elementor-post-navigation__separator-wrapper\">\n\t\t\t\t\t<div class=\"elementor-post-navigation__separator\"><\/div>\n\t\t\t\t<\/div>\n\t\t\t\t\t\t<div class=\"elementor-post-navigation__next elementor-post-navigation__link\">\n\t\t\t\t<a href=\"http:\/\/roger.projects.uvt.ro\/ro\/februarie-2019-evenimentul-de-observare-elexis-vienna-austria\/\" rel=\"next\"><span class=\"elementor-post-navigation__link__next\"><span class=\"post-navigation__next--label\">Next<\/span><span class=\"post-navigation__next--title\">Februarie 2019, Evenimentul de observare ELEXIS, Vienna, Austria<\/span><\/span><span class=\"post-navigation__arrow-wrapper post-navigation__arrow-next\"><i class=\"fa fa-angle-right\" aria-hidden=\"true\"><\/i><span class=\"elementor-screen-only\">Next<\/span><\/span><\/a>\t\t\t<\/div>\n\t\t<\/div>\n\t\t\t\t<\/div>\n\t\t\t\t<\/div>\n\t\t\t\t\t<\/div>\n\t\t<\/div>\n\t\t\t\t\t\t\t<\/div>\n\t\t<\/section>\n\t\t\t\t\t\t\t<\/div>\n\t\t","protected":false},"excerpt":{"rendered":"<p>Claudia Doroholschi a participat la \u0219coala de iarn\u0103 Intervention Research in Education: From Planning to Publishing, organizat\u0103 la Facultatea de Psihologie \u0219i \u0218itin\u021bele Educa\u021biei de la Universitatea din Porto, 5-7 noiembrie 2018. More information about this here (https:\/\/sigarra.up.pt\/fpceup\/en\/noticias_geral.ver_noticia?p_nr=40617 ) Impressions&nbsp; \u00cen cadrul \u0219colii de iarn\u0103 au sus\u021binut prelegeri c\u00e2\u021biva excelen\u021bi speciali\u0219ti \u00een domeniu, care au [&hellip;]<\/p>\n","protected":false},"author":1,"featured_media":0,"comment_status":"open","ping_status":"open","sticky":false,"template":"elementor_header_footer","format":"standard","meta":[],"categories":[1],"tags":[],"_links":{"self":[{"href":"http:\/\/roger.projects.uvt.ro\/ro\/wp-json\/wp\/v2\/posts\/1507"}],"collection":[{"href":"http:\/\/roger.projects.uvt.ro\/ro\/wp-json\/wp\/v2\/posts"}],"about":[{"href":"http:\/\/roger.projects.uvt.ro\/ro\/wp-json\/wp\/v2\/types\/post"}],"author":[{"embeddable":true,"href":"http:\/\/roger.projects.uvt.ro\/ro\/wp-json\/wp\/v2\/users\/1"}],"replies":[{"embeddable":true,"href":"http:\/\/roger.projects.uvt.ro\/ro\/wp-json\/wp\/v2\/comments?post=1507"}],"version-history":[{"count":5,"href":"http:\/\/roger.projects.uvt.ro\/ro\/wp-json\/wp\/v2\/posts\/1507\/revisions"}],"predecessor-version":[{"id":1531,"href":"http:\/\/roger.projects.uvt.ro\/ro\/wp-json\/wp\/v2\/posts\/1507\/revisions\/1531"}],"wp:attachment":[{"href":"http:\/\/roger.projects.uvt.ro\/ro\/wp-json\/wp\/v2\/media?parent=1507"}],"wp:term":[{"taxonomy":"category","embeddable":true,"href":"http:\/\/roger.projects.uvt.ro\/ro\/wp-json\/wp\/v2\/categories?post=1507"},{"taxonomy":"post_tag","embeddable":true,"href":"http:\/\/roger.projects.uvt.ro\/ro\/wp-json\/wp\/v2\/tags?post=1507"}],"curies":[{"name":"wp","href":"https:\/\/api.w.org\/{rel}","templated":true}]}}