{"id":1517,"date":"2018-10-21T12:50:59","date_gmt":"2018-10-21T12:50:59","guid":{"rendered":"http:\/\/roger.projects.uvt.ro\/?p=1517"},"modified":"2023-03-21T12:51:43","modified_gmt":"2023-03-21T12:51:43","slug":"octombrie-2018-misiune-stiintifica-stsm-in-cadrul-actiunii-cost-is1401-barcelona-spania","status":"publish","type":"post","link":"http:\/\/roger.projects.uvt.ro\/ro\/octombrie-2018-misiune-stiintifica-stsm-in-cadrul-actiunii-cost-is1401-barcelona-spania\/","title":{"rendered":"Octombrie 2018, Misiune \u0218tiin\u021bific\u0103 (STSM) \u00een cadrul Ac\u021biunii COST IS1401, Barcelona, Spania"},"content":{"rendered":"\t\t<div data-elementor-type=\"wp-post\" data-elementor-id=\"1517\" class=\"elementor elementor-1517\">\n\t\t\t\t\t\t\t\t\t<section class=\"elementor-section elementor-top-section elementor-element elementor-element-7227561 elementor-section-boxed elementor-section-height-default elementor-section-height-default\" data-id=\"7227561\" data-element_type=\"section\">\n\t\t\t\t\t\t<div class=\"elementor-container elementor-column-gap-default\">\n\t\t\t\t\t<div class=\"elementor-column elementor-col-100 elementor-top-column elementor-element elementor-element-26bfb74\" data-id=\"26bfb74\" data-element_type=\"column\">\n\t\t\t<div class=\"elementor-widget-wrap elementor-element-populated\">\n\t\t\t\t\t\t\t\t<div class=\"elementor-element elementor-element-96c8088 elementor-widget elementor-widget-text-editor\" data-id=\"96c8088\" data-element_type=\"widget\" data-widget_type=\"text-editor.default\">\n\t\t\t\t<div class=\"elementor-widget-container\">\n\t\t\t<style>\/*! elementor - v3.11.2 - 22-02-2023 *\/\n.elementor-widget-text-editor.elementor-drop-cap-view-stacked .elementor-drop-cap{background-color:#818a91;color:#fff}.elementor-widget-text-editor.elementor-drop-cap-view-framed .elementor-drop-cap{color:#818a91;border:3px solid;background-color:transparent}.elementor-widget-text-editor:not(.elementor-drop-cap-view-default) .elementor-drop-cap{margin-top:8px}.elementor-widget-text-editor:not(.elementor-drop-cap-view-default) .elementor-drop-cap-letter{width:1em;height:1em}.elementor-widget-text-editor .elementor-drop-cap{float:left;text-align:center;line-height:1;font-size:50px}.elementor-widget-text-editor .elementor-drop-cap-letter{display:inline-block}<\/style>\t\t\t\t<p><span style=\"font-weight: 400;\">Claudia Doroholschi a c\u00e2\u0219tigat un grant STSM \u00een cadrul Ac\u021biunii COST IS1401 <\/span><i><span style=\"font-weight: 400;\">Strengthening Europeans\u2019 Capabilities by Establishing the European Literacy Network (ELN)<\/span><\/i><span style=\"font-weight: 400;\">, care i-a permis s\u0103 realizeze un stagiu de cercetare de o s\u0103pt\u0103m\u00e2n\u0103 la institutul Blanquerna de la Universitatea Ramon Llull din Barcelona \u0219i s\u0103 lucreze cu Dr Montserrat Castell\u00f3 \u0219i echipa sa de cercetare pentru dezvoltarea metodelor de analiz\u0103 a datelor verbale \u0219i vizuale ob\u021binute \u00een cadrul unui proiect de cercetare \u00een domeniul scrierii academice.<\/span><\/p>\n<p><span style=\"font-weight: 400;\">Mai multe informa\u021bii aici: (<\/span><span style=\"font-weight: 400;\">https:\/\/www.is1401eln.eu\/<\/span><span style=\"font-weight: 400;\">)<\/span><\/p>\n<p><span style=\"font-weight: 400;\">Impresii<\/span><\/p>\n<p><span style=\"font-weight: 400;\">Stagiul de cercetare la Barcelona a fost o excelent\u0103 ocazie de a dezvolta analiza datelor rezultate din proiectul Grupului de lucru 2 din cadrul Ac\u021biunii COST IS 1401 \u0219i de a primi feedback din partea unei echipe de cercetare cu mult\u0103 experien\u021b\u0103 \u00een domeniul analizei datelor verbale al\u0103turi de cele vizuale \u00een studiul scrierii academice.<\/span><\/p><p><span id=\"docs-internal-guid-66cff2e4-7fff-5e32-d226-3ec2f11683f6\"><span style=\"font-size: 12pt; font-family: &quot;Times New Roman&quot;; color: rgb(0, 0, 0); background-color: transparent; font-variant-numeric: normal; font-variant-east-asian: normal; font-variant-alternates: normal; vertical-align: baseline; white-space: pre-wrap;\"><span style=\"border:none;display:inline-block;overflow:hidden;width:503px;height:336px;\"><img decoding=\"async\" loading=\"lazy\" src=\"https:\/\/lh3.googleusercontent.com\/PHwMlUVbSeJSWICb6xmoBV16ctjXeMDTFfjOCJ1_kg6O2dnEXcmduaPWAm_v03X-MQtEK7Z01Ldwfre2ZZx6SUax1JvFoymCKMuHoZJEDiMlg-ZQ3B4AOU1uma-WnmbdGQilk_ITlciWIaU1whVexQ\" width=\"503\" height=\"336\" style=\"margin-left:0px;margin-top:0px;\"><\/span><\/span><\/span><span style=\"font-weight: 400;\"><br><\/span><\/p>\n<p><\/p>\t\t\t\t\t\t<\/div>\n\t\t\t\t<\/div>\n\t\t\t\t\t<\/div>\n\t\t<\/div>\n\t\t\t\t\t\t\t<\/div>\n\t\t<\/section>\n\t\t\t\t<section class=\"elementor-section elementor-top-section elementor-element elementor-element-14e124a elementor-section-boxed elementor-section-height-default elementor-section-height-default\" data-id=\"14e124a\" data-element_type=\"section\">\n\t\t\t\t\t\t<div class=\"elementor-container elementor-column-gap-default\">\n\t\t\t\t\t<div class=\"elementor-column elementor-col-100 elementor-top-column elementor-element elementor-element-ef31b6b\" data-id=\"ef31b6b\" data-element_type=\"column\">\n\t\t\t<div class=\"elementor-widget-wrap elementor-element-populated\">\n\t\t\t\t\t\t\t\t<div class=\"elementor-element elementor-element-3a7e07d elementor-post-navigation-borders-yes elementor-widget elementor-widget-post-navigation\" data-id=\"3a7e07d\" data-element_type=\"widget\" data-widget_type=\"post-navigation.default\">\n\t\t\t\t<div class=\"elementor-widget-container\">\n\t\t\t<link rel=\"stylesheet\" href=\"http:\/\/roger.projects.uvt.ro\/wp-content\/plugins\/elementor-pro\/assets\/css\/widget-theme-elements.min.css\">\t\t<div class=\"elementor-post-navigation\">\n\t\t\t<div class=\"elementor-post-navigation__prev elementor-post-navigation__link\">\n\t\t\t\t<a href=\"http:\/\/roger.projects.uvt.ro\/ro\/septembrie-2018-participare-scoala-de-toamna-thessaloniki-grecia\/\" rel=\"prev\"><span class=\"post-navigation__arrow-wrapper post-navigation__arrow-prev\"><i class=\"fa fa-angle-left\" aria-hidden=\"true\"><\/i><span class=\"elementor-screen-only\">Prev<\/span><\/span><span class=\"elementor-post-navigation__link__prev\"><span class=\"post-navigation__prev--label\">Previous<\/span><span class=\"post-navigation__prev--title\">Septembrie 2018, participare Scoala de Toamna, Thessaloniki, Grecia<\/span><\/span><\/a>\t\t\t<\/div>\n\t\t\t\t\t\t\t<div class=\"elementor-post-navigation__separator-wrapper\">\n\t\t\t\t\t<div class=\"elementor-post-navigation__separator\"><\/div>\n\t\t\t\t<\/div>\n\t\t\t\t\t\t<div class=\"elementor-post-navigation__next elementor-post-navigation__link\">\n\t\t\t\t<a href=\"http:\/\/roger.projects.uvt.ro\/ro\/echipa-proiectului-roger-organizeaza-doua-ateliere-de-lucru-perioada-primei-intalniri-proiectului-roger-16-20-octombrie-2017\/\" rel=\"next\"><span class=\"elementor-post-navigation__link__next\"><span class=\"post-navigation__next--label\">Next<\/span><span class=\"post-navigation__next--title\">Octombrie 2017, workshopuri ROGER la Timisoara<\/span><\/span><span class=\"post-navigation__arrow-wrapper post-navigation__arrow-next\"><i class=\"fa fa-angle-right\" aria-hidden=\"true\"><\/i><span class=\"elementor-screen-only\">Next<\/span><\/span><\/a>\t\t\t<\/div>\n\t\t<\/div>\n\t\t\t\t<\/div>\n\t\t\t\t<\/div>\n\t\t\t\t\t<\/div>\n\t\t<\/div>\n\t\t\t\t\t\t\t<\/div>\n\t\t<\/section>\n\t\t\t\t\t\t\t<\/div>\n\t\t","protected":false},"excerpt":{"rendered":"<p>Claudia Doroholschi a c\u00e2\u0219tigat un grant STSM \u00een cadrul Ac\u021biunii COST IS1401 Strengthening Europeans\u2019 Capabilities by Establishing the European Literacy Network (ELN), care i-a permis s\u0103 realizeze un stagiu de cercetare de o s\u0103pt\u0103m\u00e2n\u0103 la institutul Blanquerna de la Universitatea Ramon Llull din Barcelona \u0219i s\u0103 lucreze cu Dr Montserrat Castell\u00f3 \u0219i echipa sa de [&hellip;]<\/p>\n","protected":false},"author":1,"featured_media":0,"comment_status":"open","ping_status":"open","sticky":false,"template":"elementor_header_footer","format":"standard","meta":[],"categories":[1],"tags":[],"_links":{"self":[{"href":"http:\/\/roger.projects.uvt.ro\/ro\/wp-json\/wp\/v2\/posts\/1517"}],"collection":[{"href":"http:\/\/roger.projects.uvt.ro\/ro\/wp-json\/wp\/v2\/posts"}],"about":[{"href":"http:\/\/roger.projects.uvt.ro\/ro\/wp-json\/wp\/v2\/types\/post"}],"author":[{"embeddable":true,"href":"http:\/\/roger.projects.uvt.ro\/ro\/wp-json\/wp\/v2\/users\/1"}],"replies":[{"embeddable":true,"href":"http:\/\/roger.projects.uvt.ro\/ro\/wp-json\/wp\/v2\/comments?post=1517"}],"version-history":[{"count":4,"href":"http:\/\/roger.projects.uvt.ro\/ro\/wp-json\/wp\/v2\/posts\/1517\/revisions"}],"predecessor-version":[{"id":1521,"href":"http:\/\/roger.projects.uvt.ro\/ro\/wp-json\/wp\/v2\/posts\/1517\/revisions\/1521"}],"wp:attachment":[{"href":"http:\/\/roger.projects.uvt.ro\/ro\/wp-json\/wp\/v2\/media?parent=1517"}],"wp:term":[{"taxonomy":"category","embeddable":true,"href":"http:\/\/roger.projects.uvt.ro\/ro\/wp-json\/wp\/v2\/categories?post=1517"},{"taxonomy":"post_tag","embeddable":true,"href":"http:\/\/roger.projects.uvt.ro\/ro\/wp-json\/wp\/v2\/tags?post=1517"}],"curies":[{"name":"wp","href":"https:\/\/api.w.org\/{rel}","templated":true}]}}