{"id":1522,"date":"2018-09-21T12:52:59","date_gmt":"2018-09-21T12:52:59","guid":{"rendered":"http:\/\/roger.projects.uvt.ro\/?p=1522"},"modified":"2023-03-21T12:54:03","modified_gmt":"2023-03-21T12:54:03","slug":"septembrie-2018-participare-scoala-de-toamna-thessaloniki-grecia","status":"publish","type":"post","link":"http:\/\/roger.projects.uvt.ro\/ro\/septembrie-2018-participare-scoala-de-toamna-thessaloniki-grecia\/","title":{"rendered":"Septembrie 2018, participare Scoala de Toamna, Thessaloniki, Grecia"},"content":{"rendered":"\t\t<div data-elementor-type=\"wp-post\" data-elementor-id=\"1522\" class=\"elementor elementor-1522\">\n\t\t\t\t\t\t\t\t\t<section class=\"elementor-section elementor-top-section elementor-element elementor-element-5f0b983 elementor-section-boxed elementor-section-height-default elementor-section-height-default\" data-id=\"5f0b983\" data-element_type=\"section\">\n\t\t\t\t\t\t<div class=\"elementor-container elementor-column-gap-default\">\n\t\t\t\t\t<div class=\"elementor-column elementor-col-100 elementor-top-column elementor-element elementor-element-dda5566\" data-id=\"dda5566\" data-element_type=\"column\">\n\t\t\t<div class=\"elementor-widget-wrap elementor-element-populated\">\n\t\t\t\t\t\t\t\t<div class=\"elementor-element elementor-element-0b73c0d elementor-widget elementor-widget-text-editor\" data-id=\"0b73c0d\" data-element_type=\"widget\" data-widget_type=\"text-editor.default\">\n\t\t\t\t<div class=\"elementor-widget-container\">\n\t\t\t<style>\/*! elementor - v3.11.2 - 22-02-2023 *\/\n.elementor-widget-text-editor.elementor-drop-cap-view-stacked .elementor-drop-cap{background-color:#818a91;color:#fff}.elementor-widget-text-editor.elementor-drop-cap-view-framed .elementor-drop-cap{color:#818a91;border:3px solid;background-color:transparent}.elementor-widget-text-editor:not(.elementor-drop-cap-view-default) .elementor-drop-cap{margin-top:8px}.elementor-widget-text-editor:not(.elementor-drop-cap-view-default) .elementor-drop-cap-letter{width:1em;height:1em}.elementor-widget-text-editor .elementor-drop-cap{float:left;text-align:center;line-height:1;font-size:50px}.elementor-widget-text-editor .elementor-drop-cap-letter{display:inline-block}<\/style>\t\t\t\t<p><span style=\"font-weight: 400;\">Andreea Dinc\u0103 a participat la SECL II 2018-<\/span><i><span style=\"font-weight: 400;\">School on Experimental and Corpus Linguistics<\/span><\/i><span style=\"font-weight: 400;\">, care a avut loc la Universitatea Aristotel din Salonic, Grecia intre 25 si 29 Septembrie 2018. SECL II a fost un curs compact de trei zile care a avut ca tem\u0103 Lingvistica Experimental\u0103 \u0219i Lingvistica de Corpus. Participarea la aceast\u0103 \u0219coal\u0103 de toamn\u0103 a Andreei Dinc\u0103 a avut ca scop \u00eembog\u0103\u021birea cuno\u0219tin\u021belor \u00een domeniul lingvisticii de corpus prin intermediul prelegerilor \u0219i laboratoarelor oferite de SECL II.<\/span><\/p>\n<p><span style=\"font-weight: 400;\">Mai multe detalii despre \u0219coala de toamn\u0103:<\/span><\/p>\n<p><a href=\"https:\/\/sites.google.com\/site\/seclii2018\/home\"><span style=\"font-weight: 400;\">https:\/\/sites.google.com\/site\/seclii2018\/home<\/span><\/a><\/p>\n<p><span style=\"font-weight: 400;\">Impresii:<\/span><\/p>\n<ul>\n<li><span style=\"font-weight: 400;\"> &nbsp; &nbsp; &nbsp; &nbsp; Cursul foarte bine structurat a oferit participan\u021bilor foarte multe idei interesante pentru cercetare in domeniile lingvisticii experimentale si a lingvisticii de corpus. Atelierele \u0219colii au atins o varietate de subiecte cum ar fi Achizitia Limbajului (Language Acquisition), Studiul Nara\u021biunilor, Anaphora Resolution, Lingvistica de corpus \u0219i Lingvistica Experimental\u0103. O prelegere interesant\u0103 a fost sus\u021binut\u0103 de Leah Roberts de la Universitatea din York: cercet\u0103toarea a investigat procesarea gramatical\u0103 \u00een timp real a limbilor Greac\u0103 \u0219i&nbsp; Englez\u0103 folosind o metod\u0103 de urm\u0103rire a privirii (Eye-Tracking).&nbsp; (<\/span><i><span style=\"font-weight: 400;\">Using Eye-Tracking to Investigate topics in L2 Acquisition and Processing) <\/span><\/i><span style=\"font-weight: 400;\">.&nbsp; Link c\u0103tre articol:<\/span><a href=\"https:\/\/www.victoria.ac.nz\/lals\/about\/staff\/publications\/Roberts-and-Siyanova-Chanturia_SSLA_2013.pdf\"> <span style=\"font-weight: 400;\">https:\/\/www.victoria.ac.nz\/lals\/about\/staff\/publications\/Roberts-and-Siyanova-Chanturia_SSLA_2013.pdf<\/span><\/a><\/li>\n<li><span style=\"font-weight: 400;\"> &nbsp; &nbsp; &nbsp; &nbsp; O parte semificativ\u0103 din programul \u0219colii a fost dedicat\u0103 Lingvisticii de Corpus. Participan\u021bilor li s-a oferit o prelegere introductiv\u0103 despre Lingvistica de Corpus \u0219i despre construirea de corpora. Prelegerea a fost urmat\u0103 de sesiuni de laborator unde participan\u021bii au lucrat cu o serie de programe precum XML \u0219i pachete ale programului&nbsp; R. Aceste dou\u0103 programe sunt considerate cele mai potrivite limbaje pentru codificarea \u0219i manipularea de date \u00een domeniul lingvisticii de corpus. Aceast\u0103 abordare practic\u0103 a fost foarte util\u0103, deoarece a dat \u0219ansa participan\u021bilor s\u0103 lucreze \u0219i s\u0103 \u00eenve\u021be ghida\u021bi de profesorii de la Universitatea Aristotel. Mai mult, profesorii \u0219i toat\u0103 echipa SECL II au ar\u0103tat o mare disponibilitate \u0219i au fost gata s\u0103 dea sugestii utile participan\u021bilor cu privire la cercetarea pe care ace\u0219tia o desf\u0103\u0219urau<\/span><\/li>\n<\/ul>\n<div><span><span style=\"font-size: 11pt; font-family: &quot;Helvetica Neue&quot;, sans-serif; color: rgb(0, 0, 0); font-variant-numeric: normal; font-variant-east-asian: normal; font-variant-alternates: normal; text-decoration-line: underline; text-decoration-skip-ink: none; vertical-align: baseline; white-space: pre-wrap;\"><span style=\"border:none;display:inline-block;overflow:hidden;width:672px;height:231px;\"><img decoding=\"async\" loading=\"lazy\" src=\"https:\/\/lh5.googleusercontent.com\/G2o1_TedW0StLA7hNMFmiNIbqGw7j1fvIKSuUj2FcPM45TZ-0ODviTjPn-z6DOAOFbQHHZWzd_OahRPRjW51Q1kb73NItE1wHua9g96XXAMCecgbF1OGSSYcOFuBP_L-BEXUlgubtSaExSRzrb_wkw\" width=\"672\" height=\"231\" style=\"margin-left:0px;margin-top:0px;\"><\/span><\/span><\/span><br><\/div>\n<div><img decoding=\"async\" loading=\"lazy\" src=\"https:\/\/lh3.googleusercontent.com\/B0aHMPViZBX8nh-S_8BqEQakkq5ImEkkREzr4YXVkgN4lQ27qKRfMELtg8q8x3kq5QXQhyaCt4UVHzoqv3P39cgcLdMJHWslGfrWRGXVJa7zvFV0-_PLNHc0i79zyFW2uNSgL_1CBJfY2vL9Aubg6Q\" width=\"557\" height=\"419\" style=\"background-color: transparent; color: rgb(0, 0, 0); font-family: Calibri, sans-serif; font-size: 11pt; white-space: pre-wrap; font-weight: var( --e-global-typography-text-font-weight ); margin-left: 0px; margin-top: 0px;\"><br><span id=\"docs-internal-guid-d153d993-7fff-8904-8a77-efff57e05a47\"><span style=\"font-size: 11pt; font-family: &quot;Helvetica Neue&quot;, sans-serif; color: rgb(0, 0, 0); font-variant-numeric: normal; font-variant-east-asian: normal; font-variant-alternates: normal; text-decoration-line: underline; text-decoration-skip-ink: none; vertical-align: baseline; white-space: pre-wrap;\"><span style=\"border:none;display:inline-block;overflow:hidden;width:494px;height:372px;\"><img decoding=\"async\" loading=\"lazy\" src=\"https:\/\/lh3.googleusercontent.com\/qH6-t_i4wmR9UWhx7B76SWQn7R88-2HTSMh8LfjPOVpDPd3-09iWcyQ6C3scuvhdFu47eD28emf-XUNovrst6ytKgXnKUEq4A_J5RIEzE8bpB9QXENRzsnzOwBMyaN4HFshjsS_e0jmki6SfirhcEQ\" width=\"494\" height=\"372\" style=\"margin-left:0px;margin-top:0px;\"><\/span><\/span><\/span><br><\/div>\t\t\t\t\t\t<\/div>\n\t\t\t\t<\/div>\n\t\t\t\t\t<\/div>\n\t\t<\/div>\n\t\t\t\t\t\t\t<\/div>\n\t\t<\/section>\n\t\t\t\t<section class=\"elementor-section elementor-top-section elementor-element elementor-element-9929c75 elementor-section-boxed elementor-section-height-default elementor-section-height-default\" data-id=\"9929c75\" data-element_type=\"section\">\n\t\t\t\t\t\t<div class=\"elementor-container elementor-column-gap-default\">\n\t\t\t\t\t<div class=\"elementor-column elementor-col-100 elementor-top-column elementor-element elementor-element-76f7402\" data-id=\"76f7402\" data-element_type=\"column\">\n\t\t\t<div class=\"elementor-widget-wrap elementor-element-populated\">\n\t\t\t\t\t\t\t\t<div class=\"elementor-element elementor-element-9daf371 elementor-post-navigation-borders-yes elementor-widget elementor-widget-post-navigation\" data-id=\"9daf371\" data-element_type=\"widget\" data-widget_type=\"post-navigation.default\">\n\t\t\t\t<div class=\"elementor-widget-container\">\n\t\t\t<link rel=\"stylesheet\" href=\"http:\/\/roger.projects.uvt.ro\/wp-content\/plugins\/elementor-pro\/assets\/css\/widget-theme-elements.min.css\">\t\t<div class=\"elementor-post-navigation\">\n\t\t\t<div class=\"elementor-post-navigation__prev elementor-post-navigation__link\">\n\t\t\t\t<a href=\"http:\/\/roger.projects.uvt.ro\/ro\/septembrie-2018-volum-publicat-de-springer\/\" rel=\"prev\"><span class=\"post-navigation__arrow-wrapper post-navigation__arrow-prev\"><i class=\"fa fa-angle-left\" aria-hidden=\"true\"><\/i><span class=\"elementor-screen-only\">Prev<\/span><\/span><span class=\"elementor-post-navigation__link__prev\"><span class=\"post-navigation__prev--label\">Previous<\/span><span class=\"post-navigation__prev--title\">Septembrie 2018, volum publicat de Springer<\/span><\/span><\/a>\t\t\t<\/div>\n\t\t\t\t\t\t\t<div class=\"elementor-post-navigation__separator-wrapper\">\n\t\t\t\t\t<div class=\"elementor-post-navigation__separator\"><\/div>\n\t\t\t\t<\/div>\n\t\t\t\t\t\t<div class=\"elementor-post-navigation__next elementor-post-navigation__link\">\n\t\t\t\t<a href=\"http:\/\/roger.projects.uvt.ro\/ro\/octombrie-2018-misiune-stiintifica-stsm-in-cadrul-actiunii-cost-is1401-barcelona-spania\/\" rel=\"next\"><span class=\"elementor-post-navigation__link__next\"><span class=\"post-navigation__next--label\">Next<\/span><span class=\"post-navigation__next--title\">Octombrie 2018, Misiune \u0218tiin\u021bific\u0103 (STSM) \u00een cadrul Ac\u021biunii COST IS1401, Barcelona, Spania<\/span><\/span><span class=\"post-navigation__arrow-wrapper post-navigation__arrow-next\"><i class=\"fa fa-angle-right\" aria-hidden=\"true\"><\/i><span class=\"elementor-screen-only\">Next<\/span><\/span><\/a>\t\t\t<\/div>\n\t\t<\/div>\n\t\t\t\t<\/div>\n\t\t\t\t<\/div>\n\t\t\t\t\t<\/div>\n\t\t<\/div>\n\t\t\t\t\t\t\t<\/div>\n\t\t<\/section>\n\t\t\t\t\t\t\t<\/div>\n\t\t","protected":false},"excerpt":{"rendered":"<p>Andreea Dinc\u0103 a participat la SECL II 2018-School on Experimental and Corpus Linguistics, care a avut loc la Universitatea Aristotel din Salonic, Grecia intre 25 si 29 Septembrie 2018. SECL II a fost un curs compact de trei zile care a avut ca tem\u0103 Lingvistica Experimental\u0103 \u0219i Lingvistica de Corpus. Participarea la aceast\u0103 \u0219coal\u0103 de [&hellip;]<\/p>\n","protected":false},"author":1,"featured_media":0,"comment_status":"open","ping_status":"open","sticky":false,"template":"elementor_header_footer","format":"standard","meta":[],"categories":[1],"tags":[],"_links":{"self":[{"href":"http:\/\/roger.projects.uvt.ro\/ro\/wp-json\/wp\/v2\/posts\/1522"}],"collection":[{"href":"http:\/\/roger.projects.uvt.ro\/ro\/wp-json\/wp\/v2\/posts"}],"about":[{"href":"http:\/\/roger.projects.uvt.ro\/ro\/wp-json\/wp\/v2\/types\/post"}],"author":[{"embeddable":true,"href":"http:\/\/roger.projects.uvt.ro\/ro\/wp-json\/wp\/v2\/users\/1"}],"replies":[{"embeddable":true,"href":"http:\/\/roger.projects.uvt.ro\/ro\/wp-json\/wp\/v2\/comments?post=1522"}],"version-history":[{"count":4,"href":"http:\/\/roger.projects.uvt.ro\/ro\/wp-json\/wp\/v2\/posts\/1522\/revisions"}],"predecessor-version":[{"id":1526,"href":"http:\/\/roger.projects.uvt.ro\/ro\/wp-json\/wp\/v2\/posts\/1522\/revisions\/1526"}],"wp:attachment":[{"href":"http:\/\/roger.projects.uvt.ro\/ro\/wp-json\/wp\/v2\/media?parent=1522"}],"wp:term":[{"taxonomy":"category","embeddable":true,"href":"http:\/\/roger.projects.uvt.ro\/ro\/wp-json\/wp\/v2\/categories?post=1522"},{"taxonomy":"post_tag","embeddable":true,"href":"http:\/\/roger.projects.uvt.ro\/ro\/wp-json\/wp\/v2\/tags?post=1522"}],"curies":[{"name":"wp","href":"https:\/\/api.w.org\/{rel}","templated":true}]}}