{"id":1549,"date":"2018-08-23T11:13:49","date_gmt":"2018-08-23T11:13:49","guid":{"rendered":"http:\/\/roger.projects.uvt.ro\/?p=1549"},"modified":"2023-03-23T12:58:15","modified_gmt":"2023-03-23T12:58:15","slug":"august-2018-participare-conferinta-antwerp-belgia","status":"publish","type":"post","link":"http:\/\/roger.projects.uvt.ro\/ro\/august-2018-participare-conferinta-antwerp-belgia\/","title":{"rendered":"August 2018, Conferin\u021ba SIG writing 2018, Antwerpen, Belgia"},"content":{"rendered":"\t\t<div data-elementor-type=\"wp-post\" data-elementor-id=\"1549\" class=\"elementor elementor-1549\">\n\t\t\t\t\t\t\t\t\t<section class=\"elementor-section elementor-top-section elementor-element elementor-element-f04db07 elementor-section-boxed elementor-section-height-default elementor-section-height-default\" data-id=\"f04db07\" data-element_type=\"section\">\n\t\t\t\t\t\t<div class=\"elementor-container elementor-column-gap-default\">\n\t\t\t\t\t<div class=\"elementor-column elementor-col-100 elementor-top-column elementor-element elementor-element-a7a98fc\" data-id=\"a7a98fc\" data-element_type=\"column\">\n\t\t\t<div class=\"elementor-widget-wrap elementor-element-populated\">\n\t\t\t\t\t\t\t\t<div class=\"elementor-element elementor-element-889b034 elementor-widget elementor-widget-text-editor\" data-id=\"889b034\" data-element_type=\"widget\" data-widget_type=\"text-editor.default\">\n\t\t\t\t<div class=\"elementor-widget-container\">\n\t\t\t<style>\/*! elementor - v3.11.2 - 22-02-2023 *\/\n.elementor-widget-text-editor.elementor-drop-cap-view-stacked .elementor-drop-cap{background-color:#818a91;color:#fff}.elementor-widget-text-editor.elementor-drop-cap-view-framed .elementor-drop-cap{color:#818a91;border:3px solid;background-color:transparent}.elementor-widget-text-editor:not(.elementor-drop-cap-view-default) .elementor-drop-cap{margin-top:8px}.elementor-widget-text-editor:not(.elementor-drop-cap-view-default) .elementor-drop-cap-letter{width:1em;height:1em}.elementor-widget-text-editor .elementor-drop-cap{float:left;text-align:center;line-height:1;font-size:50px}.elementor-widget-text-editor .elementor-drop-cap-letter{display:inline-block}<\/style>\t\t\t\t<p><span style=\"font-weight: 400;\">Claudia Doroholschi a prezentat lucrarea \u201c<\/span><i><span style=\"font-weight: 400;\">BA and MA students\u2019 perceptions on the supervisory relationship: a European context\u201d, <\/span><\/i><span style=\"font-weight: 400;\">co-autori Mira Bekar \u0219i Kristin Solli, la conferin\u021ba SIG Writing 2018 care a avut loc la Antwerpen, Belgia, \u00een august 2018.\u00a0<\/span><\/p><p><span style=\"font-weight: 400;\">Abstract:<\/span><\/p><p><span style=\"font-weight: 400;\">Lucrarea investigheaz\u0103 perspectivele studen\u021bilor asupra complexului proces al redact\u0103rii tezelor de licen\u021b\u0103 \u0219i master, concentr\u00e2ndu-se asupra rela\u021biei cu coordonatorul tezei. Datele au fost colectate prin intermediul unor interviuri semi-structurate cu studen\u021bi de la ciclurile de licen\u021b\u0103 \u0219i masterat din universit\u0103\u021bi din cinci \u021b\u0103ri europene (Malta, Macedonia, Norvegia, Rom\u00e2nia \u0219i Ucraina). De asemenea, studen\u021bii \u0219i-au reprezentat grafic traseul de-a lungul procesului de redactare a tezei, precum \u0219i intensitatea experien\u021bei lor de \u00eenv\u0103\u021bare. Rezultatele preliminare arat\u0103 c\u0103 rela\u021bia cu coordonatorul este de cele mai multe ori pozitiv\u0103, dar experien\u021ba devine mai intens pozitiv\u0103 atunci c\u00e2nd studen\u021bilor li se acord\u0103 mai mult\u0103 autonomie \u00een procesul de luare a deciziilor.\u00a0<\/span><\/p><p><span style=\"font-weight: 400;\">Snapshot of first slide<\/span><\/p>\t\t\t\t\t\t<\/div>\n\t\t\t\t<\/div>\n\t\t\t\t\t<\/div>\n\t\t<\/div>\n\t\t\t\t\t\t\t<\/div>\n\t\t<\/section>\n\t\t\t\t<section class=\"elementor-section elementor-top-section elementor-element elementor-element-3d5e41d elementor-section-boxed elementor-section-height-default elementor-section-height-default\" data-id=\"3d5e41d\" data-element_type=\"section\">\n\t\t\t\t\t\t<div class=\"elementor-container elementor-column-gap-default\">\n\t\t\t\t\t<div class=\"elementor-column elementor-col-100 elementor-top-column elementor-element elementor-element-e731c70\" data-id=\"e731c70\" data-element_type=\"column\">\n\t\t\t<div class=\"elementor-widget-wrap elementor-element-populated\">\n\t\t\t\t\t\t\t\t<div class=\"elementor-element elementor-element-47eeb92 elementor-widget elementor-widget-image\" data-id=\"47eeb92\" data-element_type=\"widget\" data-widget_type=\"image.default\">\n\t\t\t\t<div class=\"elementor-widget-container\">\n\t\t\t<style>\/*! elementor - v3.11.2 - 22-02-2023 *\/\n.elementor-widget-image{text-align:center}.elementor-widget-image a{display:inline-block}.elementor-widget-image a img[src$=\".svg\"]{width:48px}.elementor-widget-image img{vertical-align:middle;display:inline-block}<\/style>\t\t\t\t\t\t\t\t\t\t\t\t<img decoding=\"async\" width=\"1920\" height=\"1080\" src=\"http:\/\/roger.projects.uvt.ro\/wp-content\/uploads\/2023\/03\/i1.png\" class=\"attachment-full size-full wp-image-1541\" alt=\"\" loading=\"lazy\" srcset=\"http:\/\/roger.projects.uvt.ro\/wp-content\/uploads\/2023\/03\/i1.png 1920w, http:\/\/roger.projects.uvt.ro\/wp-content\/uploads\/2023\/03\/i1-300x169.png 300w, http:\/\/roger.projects.uvt.ro\/wp-content\/uploads\/2023\/03\/i1-1024x576.png 1024w, http:\/\/roger.projects.uvt.ro\/wp-content\/uploads\/2023\/03\/i1-768x432.png 768w, http:\/\/roger.projects.uvt.ro\/wp-content\/uploads\/2023\/03\/i1-1536x864.png 1536w\" sizes=\"(max-width: 1920px) 100vw, 1920px\" \/>\t\t\t\t\t\t\t\t\t\t\t\t\t\t\t<\/div>\n\t\t\t\t<\/div>\n\t\t\t\t<div class=\"elementor-element elementor-element-9d8264b elementor-widget elementor-widget-text-editor\" data-id=\"9d8264b\" data-element_type=\"widget\" data-widget_type=\"text-editor.default\">\n\t\t\t\t<div class=\"elementor-widget-container\">\n\t\t\t\t\t\t\t<p><span style=\"font-weight: 400;\">More information about this <\/span><span style=\"font-weight: 400;\">here<\/span><span style=\"font-weight: 400;\"> (Link event) : <\/span><span style=\"font-weight: 400;\">https:\/\/www.uantwerpen.be\/en\/conferences\/sig-writing-2018\/<\/span><\/p><p>\u00a0<\/p><p><span style=\"font-weight: 400;\">Impressions<\/span><\/p><p>\u00a0<\/p><p><span style=\"font-weight: 400;\">Oportunitate excelent\u0103 pentru schimburi de experien\u021b\u0103 \u00een domeniul metodelor de cercetare aplicabile \u00een domeniul scrierii (nu doar academice), \u00een special \u00een ceea ce prive\u0219te metodele de cercetare cantitativ\u0103\u00a0 \u00a0<\/span><\/p><p><span style=\"font-weight: 400;\">C\u00e2teva sesiuni plenare cu format inovator, care au inclus at\u00e2t prezent\u0103ri academice c\u00e2t \u0219i contribuii mai pu\u021bin obi\u0219nuite &#8211; de la scriitori sau companii\u00a0<\/span><\/p>\t\t\t\t\t\t<\/div>\n\t\t\t\t<\/div>\n\t\t\t\t<div class=\"elementor-element elementor-element-71eb322 elementor-widget elementor-widget-image\" data-id=\"71eb322\" data-element_type=\"widget\" data-widget_type=\"image.default\">\n\t\t\t\t<div class=\"elementor-widget-container\">\n\t\t\t\t\t\t\t\t\t\t\t\t\t\t\t<img decoding=\"async\" width=\"1000\" height=\"667\" src=\"http:\/\/roger.projects.uvt.ro\/wp-content\/uploads\/2023\/03\/2-1.jpg\" class=\"attachment-full size-full wp-image-1543\" alt=\"\" loading=\"lazy\" srcset=\"http:\/\/roger.projects.uvt.ro\/wp-content\/uploads\/2023\/03\/2-1.jpg 1000w, http:\/\/roger.projects.uvt.ro\/wp-content\/uploads\/2023\/03\/2-1-300x200.jpg 300w, http:\/\/roger.projects.uvt.ro\/wp-content\/uploads\/2023\/03\/2-1-768x512.jpg 768w\" sizes=\"(max-width: 1000px) 100vw, 1000px\" \/>\t\t\t\t\t\t\t\t\t\t\t\t\t\t\t<\/div>\n\t\t\t\t<\/div>\n\t\t\t\t\t<\/div>\n\t\t<\/div>\n\t\t\t\t\t\t\t<\/div>\n\t\t<\/section>\n\t\t\t\t<section class=\"elementor-section elementor-top-section elementor-element elementor-element-834aefc elementor-section-boxed elementor-section-height-default elementor-section-height-default\" data-id=\"834aefc\" data-element_type=\"section\">\n\t\t\t\t\t\t<div class=\"elementor-container elementor-column-gap-default\">\n\t\t\t\t\t<div class=\"elementor-column elementor-col-100 elementor-top-column elementor-element elementor-element-0b3b1ed\" data-id=\"0b3b1ed\" data-element_type=\"column\">\n\t\t\t<div class=\"elementor-widget-wrap elementor-element-populated\">\n\t\t\t\t\t\t\t\t<div class=\"elementor-element elementor-element-9b707ef elementor-post-navigation-borders-yes elementor-widget elementor-widget-post-navigation\" data-id=\"9b707ef\" data-element_type=\"widget\" data-widget_type=\"post-navigation.default\">\n\t\t\t\t<div class=\"elementor-widget-container\">\n\t\t\t<link rel=\"stylesheet\" href=\"http:\/\/roger.projects.uvt.ro\/wp-content\/plugins\/elementor-pro\/assets\/css\/widget-theme-elements.min.css\">\t\t<div class=\"elementor-post-navigation\">\n\t\t\t<div class=\"elementor-post-navigation__prev elementor-post-navigation__link\">\n\t\t\t\t<a href=\"http:\/\/roger.projects.uvt.ro\/ro\/iunie-2018-prezentare-la-conferinta-future-of-genres-oslo-norvegia\/\" rel=\"prev\"><span class=\"post-navigation__arrow-wrapper post-navigation__arrow-prev\"><i class=\"fa fa-angle-left\" aria-hidden=\"true\"><\/i><span class=\"elementor-screen-only\">Prev<\/span><\/span><span class=\"elementor-post-navigation__link__prev\"><span class=\"post-navigation__prev--label\">Previous<\/span><span class=\"post-navigation__prev--title\">Iunie 2018, prezentare la conferin\u021ba Future of Genres, Oslo, Norvegia<\/span><\/span><\/a>\t\t\t<\/div>\n\t\t\t\t\t\t\t<div class=\"elementor-post-navigation__separator-wrapper\">\n\t\t\t\t\t<div class=\"elementor-post-navigation__separator\"><\/div>\n\t\t\t\t<\/div>\n\t\t\t\t\t\t<div class=\"elementor-post-navigation__next elementor-post-navigation__link\">\n\t\t\t\t<a href=\"http:\/\/roger.projects.uvt.ro\/ro\/septembrie-2018-volum-publicat-de-springer\/\" rel=\"next\"><span class=\"elementor-post-navigation__link__next\"><span class=\"post-navigation__next--label\">Next<\/span><span class=\"post-navigation__next--title\">Septembrie 2018, volum publicat de Springer<\/span><\/span><span class=\"post-navigation__arrow-wrapper post-navigation__arrow-next\"><i class=\"fa fa-angle-right\" aria-hidden=\"true\"><\/i><span class=\"elementor-screen-only\">Next<\/span><\/span><\/a>\t\t\t<\/div>\n\t\t<\/div>\n\t\t\t\t<\/div>\n\t\t\t\t<\/div>\n\t\t\t\t\t<\/div>\n\t\t<\/div>\n\t\t\t\t\t\t\t<\/div>\n\t\t<\/section>\n\t\t\t\t\t\t\t<\/div>\n\t\t","protected":false},"excerpt":{"rendered":"<p>Claudia Doroholschi a prezentat lucrarea \u201cBA and MA students\u2019 perceptions on the supervisory relationship: a European context\u201d, co-autori Mira Bekar \u0219i Kristin Solli, la conferin\u021ba SIG Writing 2018 care a avut loc la Antwerpen, Belgia, \u00een august 2018.\u00a0 Abstract: Lucrarea investigheaz\u0103 perspectivele studen\u021bilor asupra complexului proces al redact\u0103rii tezelor de licen\u021b\u0103 \u0219i master, concentr\u00e2ndu-se asupra [&hellip;]<\/p>\n","protected":false},"author":1,"featured_media":0,"comment_status":"open","ping_status":"open","sticky":false,"template":"elementor_header_footer","format":"standard","meta":[],"categories":[1],"tags":[],"_links":{"self":[{"href":"http:\/\/roger.projects.uvt.ro\/ro\/wp-json\/wp\/v2\/posts\/1549"}],"collection":[{"href":"http:\/\/roger.projects.uvt.ro\/ro\/wp-json\/wp\/v2\/posts"}],"about":[{"href":"http:\/\/roger.projects.uvt.ro\/ro\/wp-json\/wp\/v2\/types\/post"}],"author":[{"embeddable":true,"href":"http:\/\/roger.projects.uvt.ro\/ro\/wp-json\/wp\/v2\/users\/1"}],"replies":[{"embeddable":true,"href":"http:\/\/roger.projects.uvt.ro\/ro\/wp-json\/wp\/v2\/comments?post=1549"}],"version-history":[{"count":8,"href":"http:\/\/roger.projects.uvt.ro\/ro\/wp-json\/wp\/v2\/posts\/1549\/revisions"}],"predecessor-version":[{"id":1704,"href":"http:\/\/roger.projects.uvt.ro\/ro\/wp-json\/wp\/v2\/posts\/1549\/revisions\/1704"}],"wp:attachment":[{"href":"http:\/\/roger.projects.uvt.ro\/ro\/wp-json\/wp\/v2\/media?parent=1549"}],"wp:term":[{"taxonomy":"category","embeddable":true,"href":"http:\/\/roger.projects.uvt.ro\/ro\/wp-json\/wp\/v2\/categories?post=1549"},{"taxonomy":"post_tag","embeddable":true,"href":"http:\/\/roger.projects.uvt.ro\/ro\/wp-json\/wp\/v2\/tags?post=1549"}],"curies":[{"name":"wp","href":"https:\/\/api.w.org\/{rel}","templated":true}]}}