{"id":1588,"date":"2018-05-23T11:44:05","date_gmt":"2018-05-23T11:44:05","guid":{"rendered":"http:\/\/roger.projects.uvt.ro\/?p=1588"},"modified":"2023-03-23T12:57:20","modified_gmt":"2023-03-23T12:57:20","slug":"mai-2018-prezentare-la-conferinta-bas-uvt-timisoara-romania","status":"publish","type":"post","link":"http:\/\/roger.projects.uvt.ro\/ro\/mai-2018-prezentare-la-conferinta-bas-uvt-timisoara-romania\/","title":{"rendered":"Mai 2018, prezentare la conferinta BAS, UVT, Timi\u0219oara, Romania"},"content":{"rendered":"\t\t<div data-elementor-type=\"wp-post\" data-elementor-id=\"1588\" class=\"elementor elementor-1588\">\n\t\t\t\t\t\t\t\t\t<section class=\"elementor-section elementor-top-section elementor-element elementor-element-0b234a3 elementor-section-boxed elementor-section-height-default elementor-section-height-default\" data-id=\"0b234a3\" data-element_type=\"section\">\n\t\t\t\t\t\t<div class=\"elementor-container elementor-column-gap-default\">\n\t\t\t\t\t<div class=\"elementor-column elementor-col-100 elementor-top-column elementor-element elementor-element-da3c30b\" data-id=\"da3c30b\" data-element_type=\"column\">\n\t\t\t<div class=\"elementor-widget-wrap elementor-element-populated\">\n\t\t\t\t\t\t\t\t<div class=\"elementor-element elementor-element-c63e9bd elementor-widget elementor-widget-text-editor\" data-id=\"c63e9bd\" data-element_type=\"widget\" data-widget_type=\"text-editor.default\">\n\t\t\t\t<div class=\"elementor-widget-container\">\n\t\t\t<style>\/*! elementor - v3.11.2 - 22-02-2023 *\/\n.elementor-widget-text-editor.elementor-drop-cap-view-stacked .elementor-drop-cap{background-color:#818a91;color:#fff}.elementor-widget-text-editor.elementor-drop-cap-view-framed .elementor-drop-cap{color:#818a91;border:3px solid;background-color:transparent}.elementor-widget-text-editor:not(.elementor-drop-cap-view-default) .elementor-drop-cap{margin-top:8px}.elementor-widget-text-editor:not(.elementor-drop-cap-view-default) .elementor-drop-cap-letter{width:1em;height:1em}.elementor-widget-text-editor .elementor-drop-cap{float:left;text-align:center;line-height:1;font-size:50px}.elementor-widget-text-editor .elementor-drop-cap-letter{display:inline-block}<\/style>\t\t\t\t<p><span style=\"font-weight: 400;\">Facultatea de Litere, Istorie si Teologie a Universit\u0103\u021bii de Vest din Timi\u0219oara, Rom\u00e2nia, a organizat conferin\u021ba anuala BRITISH AND AMERICAN STUDIES \/ XXVIII \u00eentre 17 \u0219i 19 mai 2018.<\/span><\/p><p><span style=\"font-weight: 400;\">Madalina Chitez a fost co-autor pentru o lucrare prezentat\u0103 \u00eempreun\u0103 cu colega de la UVT, Cristina B\u0103niceru (membru al Centrului de Scriere Academic\u0103 \u0219i Profesional\u0103, <\/span><a href=\"https:\/\/csap.uvt.ro\/\"><span style=\"font-weight: 400;\">CSAP<\/span><\/a><span style=\"font-weight: 400;\">), cu titlul: <\/span><i><span style=\"font-weight: 400;\">Academic Essay Writing in Romania: Didactic Analyses of Second Year Student Texts Using Corpus Data<\/span><\/i><span style=\"font-weight: 400;\"> (Scrierea eseului academic \u00een Rom\u00e2nia: Analiza didactic\u0103 a textelor studen\u021bilor din anul II folosind date de corpus).<\/span><\/p>\t\t\t\t\t\t<\/div>\n\t\t\t\t<\/div>\n\t\t\t\t\t<\/div>\n\t\t<\/div>\n\t\t\t\t\t\t\t<\/div>\n\t\t<\/section>\n\t\t\t\t<section class=\"elementor-section elementor-top-section elementor-element elementor-element-bde6ae4 elementor-section-boxed elementor-section-height-default elementor-section-height-default\" data-id=\"bde6ae4\" data-element_type=\"section\">\n\t\t\t\t\t\t<div class=\"elementor-container elementor-column-gap-default\">\n\t\t\t\t\t<div class=\"elementor-column elementor-col-100 elementor-top-column elementor-element elementor-element-80df18c\" data-id=\"80df18c\" data-element_type=\"column\">\n\t\t\t<div class=\"elementor-widget-wrap elementor-element-populated\">\n\t\t\t\t\t\t\t\t<div class=\"elementor-element elementor-element-e84adf0 elementor-widget elementor-widget-image\" data-id=\"e84adf0\" data-element_type=\"widget\" data-widget_type=\"image.default\">\n\t\t\t\t<div class=\"elementor-widget-container\">\n\t\t\t<style>\/*! elementor - v3.11.2 - 22-02-2023 *\/\n.elementor-widget-image{text-align:center}.elementor-widget-image a{display:inline-block}.elementor-widget-image a img[src$=\".svg\"]{width:48px}.elementor-widget-image img{vertical-align:middle;display:inline-block}<\/style>\t\t\t\t\t\t\t\t\t\t\t\t<img decoding=\"async\" width=\"300\" height=\"169\" src=\"http:\/\/roger.projects.uvt.ro\/wp-content\/uploads\/2023\/03\/1-3.png\" class=\"attachment-full size-full wp-image-1591\" alt=\"\" loading=\"lazy\" \/>\t\t\t\t\t\t\t\t\t\t\t\t\t\t\t<\/div>\n\t\t\t\t<\/div>\n\t\t\t\t\t<\/div>\n\t\t<\/div>\n\t\t\t\t\t\t\t<\/div>\n\t\t<\/section>\n\t\t\t\t<section class=\"elementor-section elementor-top-section elementor-element elementor-element-a494ec1 elementor-section-boxed elementor-section-height-default elementor-section-height-default\" data-id=\"a494ec1\" data-element_type=\"section\">\n\t\t\t\t\t\t<div class=\"elementor-container elementor-column-gap-default\">\n\t\t\t\t\t<div class=\"elementor-column elementor-col-100 elementor-top-column elementor-element elementor-element-f6ee5b3\" data-id=\"f6ee5b3\" data-element_type=\"column\">\n\t\t\t<div class=\"elementor-widget-wrap elementor-element-populated\">\n\t\t\t\t\t\t\t\t<div class=\"elementor-element elementor-element-f3d2dad elementor-widget elementor-widget-text-editor\" data-id=\"f3d2dad\" data-element_type=\"widget\" data-widget_type=\"text-editor.default\">\n\t\t\t\t<div class=\"elementor-widget-container\">\n\t\t\t\t\t\t\t<p><span style=\"font-weight: 400;\">Mai multe informatii despre eveniment\u00a0<\/span><a href=\"https:\/\/bas.events.uvt.ro\/wp-content\/uploads\/2018\/05\/BAS2018programme.pdf\"><span style=\"font-weight: 400;\">aici.<\/span><\/a><\/p>\t\t\t\t\t\t<\/div>\n\t\t\t\t<\/div>\n\t\t\t\t\t<\/div>\n\t\t<\/div>\n\t\t\t\t\t\t\t<\/div>\n\t\t<\/section>\n\t\t\t\t<section class=\"elementor-section elementor-top-section elementor-element elementor-element-cfd3aec elementor-section-boxed elementor-section-height-default elementor-section-height-default\" data-id=\"cfd3aec\" data-element_type=\"section\">\n\t\t\t\t\t\t<div class=\"elementor-container elementor-column-gap-default\">\n\t\t\t\t\t<div class=\"elementor-column elementor-col-100 elementor-top-column elementor-element elementor-element-05f4c4d\" data-id=\"05f4c4d\" data-element_type=\"column\">\n\t\t\t<div class=\"elementor-widget-wrap elementor-element-populated\">\n\t\t\t\t\t\t\t\t<div class=\"elementor-element elementor-element-d22ce03 elementor-post-navigation-borders-yes elementor-widget elementor-widget-post-navigation\" data-id=\"d22ce03\" data-element_type=\"widget\" data-widget_type=\"post-navigation.default\">\n\t\t\t\t<div class=\"elementor-widget-container\">\n\t\t\t<link rel=\"stylesheet\" href=\"http:\/\/roger.projects.uvt.ro\/wp-content\/plugins\/elementor-pro\/assets\/css\/widget-theme-elements.min.css\">\t\t<div class=\"elementor-post-navigation\">\n\t\t\t<div class=\"elementor-post-navigation__prev elementor-post-navigation__link\">\n\t\t\t\t<a href=\"http:\/\/roger.projects.uvt.ro\/ro\/ianuarie-2018-workshop-departamental-de-suport-cercetare-2-uvt\/\" rel=\"prev\"><span class=\"post-navigation__arrow-wrapper post-navigation__arrow-prev\"><i class=\"fa fa-angle-left\" aria-hidden=\"true\"><\/i><span class=\"elementor-screen-only\">Prev<\/span><\/span><span class=\"elementor-post-navigation__link__prev\"><span class=\"post-navigation__prev--label\">Previous<\/span><span class=\"post-navigation__prev--title\">Aprilie 2018, Workshop departamental de suport cercetare (2), UVT<\/span><\/span><\/a>\t\t\t<\/div>\n\t\t\t\t\t\t\t<div class=\"elementor-post-navigation__separator-wrapper\">\n\t\t\t\t\t<div class=\"elementor-post-navigation__separator\"><\/div>\n\t\t\t\t<\/div>\n\t\t\t\t\t\t<div class=\"elementor-post-navigation__next elementor-post-navigation__link\">\n\t\t\t\t<a href=\"http:\/\/roger.projects.uvt.ro\/ro\/iunie-2018-prezentare-la-conferinta-future-of-genres-oslo-norvegia\/\" rel=\"next\"><span class=\"elementor-post-navigation__link__next\"><span class=\"post-navigation__next--label\">Next<\/span><span class=\"post-navigation__next--title\">Iunie 2018, prezentare la conferin\u021ba Future of Genres, Oslo, Norvegia<\/span><\/span><span class=\"post-navigation__arrow-wrapper post-navigation__arrow-next\"><i class=\"fa fa-angle-right\" aria-hidden=\"true\"><\/i><span class=\"elementor-screen-only\">Next<\/span><\/span><\/a>\t\t\t<\/div>\n\t\t<\/div>\n\t\t\t\t<\/div>\n\t\t\t\t<\/div>\n\t\t\t\t\t<\/div>\n\t\t<\/div>\n\t\t\t\t\t\t\t<\/div>\n\t\t<\/section>\n\t\t\t\t\t\t\t<\/div>\n\t\t","protected":false},"excerpt":{"rendered":"<p>Facultatea de Litere, Istorie si Teologie a Universit\u0103\u021bii de Vest din Timi\u0219oara, Rom\u00e2nia, a organizat conferin\u021ba anuala BRITISH AND AMERICAN STUDIES \/ XXVIII \u00eentre 17 \u0219i 19 mai 2018. Madalina Chitez a fost co-autor pentru o lucrare prezentat\u0103 \u00eempreun\u0103 cu colega de la UVT, Cristina B\u0103niceru (membru al Centrului de Scriere Academic\u0103 \u0219i Profesional\u0103, CSAP), [&hellip;]<\/p>\n","protected":false},"author":1,"featured_media":0,"comment_status":"open","ping_status":"open","sticky":false,"template":"elementor_header_footer","format":"standard","meta":[],"categories":[1],"tags":[],"_links":{"self":[{"href":"http:\/\/roger.projects.uvt.ro\/ro\/wp-json\/wp\/v2\/posts\/1588"}],"collection":[{"href":"http:\/\/roger.projects.uvt.ro\/ro\/wp-json\/wp\/v2\/posts"}],"about":[{"href":"http:\/\/roger.projects.uvt.ro\/ro\/wp-json\/wp\/v2\/types\/post"}],"author":[{"embeddable":true,"href":"http:\/\/roger.projects.uvt.ro\/ro\/wp-json\/wp\/v2\/users\/1"}],"replies":[{"embeddable":true,"href":"http:\/\/roger.projects.uvt.ro\/ro\/wp-json\/wp\/v2\/comments?post=1588"}],"version-history":[{"count":10,"href":"http:\/\/roger.projects.uvt.ro\/ro\/wp-json\/wp\/v2\/posts\/1588\/revisions"}],"predecessor-version":[{"id":1695,"href":"http:\/\/roger.projects.uvt.ro\/ro\/wp-json\/wp\/v2\/posts\/1588\/revisions\/1695"}],"wp:attachment":[{"href":"http:\/\/roger.projects.uvt.ro\/ro\/wp-json\/wp\/v2\/media?parent=1588"}],"wp:term":[{"taxonomy":"category","embeddable":true,"href":"http:\/\/roger.projects.uvt.ro\/ro\/wp-json\/wp\/v2\/categories?post=1588"},{"taxonomy":"post_tag","embeddable":true,"href":"http:\/\/roger.projects.uvt.ro\/ro\/wp-json\/wp\/v2\/tags?post=1588"}],"curies":[{"name":"wp","href":"https:\/\/api.w.org\/{rel}","templated":true}]}}