{"id":800,"date":"2018-09-07T08:06:07","date_gmt":"2018-09-07T08:06:07","guid":{"rendered":"http:\/\/roger.projects.uvt.ro\/?p=800"},"modified":"2023-03-23T10:37:57","modified_gmt":"2023-03-23T10:37:57","slug":"septembrie-2018-volum-publicat-de-springer","status":"publish","type":"post","link":"http:\/\/roger.projects.uvt.ro\/ro\/septembrie-2018-volum-publicat-de-springer\/","title":{"rendered":"Septembrie 2018, volum publicat de Springer"},"content":{"rendered":"\t\t<div data-elementor-type=\"wp-post\" data-elementor-id=\"800\" class=\"elementor elementor-800\">\n\t\t\t\t\t\t\t\t\t<section class=\"elementor-section elementor-top-section elementor-element elementor-element-d55d4ee elementor-section-boxed elementor-section-height-default elementor-section-height-default\" data-id=\"d55d4ee\" data-element_type=\"section\">\n\t\t\t\t\t\t<div class=\"elementor-container elementor-column-gap-default\">\n\t\t\t\t\t<div class=\"elementor-column elementor-col-100 elementor-top-column elementor-element elementor-element-abaf6a3\" data-id=\"abaf6a3\" data-element_type=\"column\">\n\t\t\t<div class=\"elementor-widget-wrap elementor-element-populated\">\n\t\t\t\t\t\t\t\t<div class=\"elementor-element elementor-element-040a20b elementor-widget elementor-widget-text-editor\" data-id=\"040a20b\" data-element_type=\"widget\" data-widget_type=\"text-editor.default\">\n\t\t\t\t<div class=\"elementor-widget-container\">\n\t\t\t<style>\/*! elementor - v3.11.2 - 22-02-2023 *\/\n.elementor-widget-text-editor.elementor-drop-cap-view-stacked .elementor-drop-cap{background-color:#818a91;color:#fff}.elementor-widget-text-editor.elementor-drop-cap-view-framed .elementor-drop-cap{color:#818a91;border:3px solid;background-color:transparent}.elementor-widget-text-editor:not(.elementor-drop-cap-view-default) .elementor-drop-cap{margin-top:8px}.elementor-widget-text-editor:not(.elementor-drop-cap-view-default) .elementor-drop-cap-letter{width:1em;height:1em}.elementor-widget-text-editor .elementor-drop-cap{float:left;text-align:center;line-height:1;font-size:50px}.elementor-widget-text-editor .elementor-drop-cap-letter{display:inline-block}<\/style>\t\t\t\t<p>\u00cen septembrie 2018, un volum de scriere academic\u0103 \u00een Europa Central\u0103 \u0219i de Est, editat de trei membri ai echipei ROGER (Madalina Chitez, Claudia Doroholschi \u0219i Otto Kruse) \u0219i al\u021bi doi colegi, Dumitru Tucan, de asemenea de la UVT, \u0219i \u0141ukasz Salski din Polonia, a fost publicat\u0103 de prestigioasa editura Springer International Publishing:\u00a0<em>University Writing in Central and Eastern Europe: Tradition, Transition, and Innovation<\/em>.<\/p>\t\t\t\t\t\t<\/div>\n\t\t\t\t<\/div>\n\t\t\t\t<div class=\"elementor-element elementor-element-dda2d5b elementor-widget elementor-widget-image\" data-id=\"dda2d5b\" data-element_type=\"widget\" data-widget_type=\"image.default\">\n\t\t\t\t<div class=\"elementor-widget-container\">\n\t\t\t<style>\/*! elementor - v3.11.2 - 22-02-2023 *\/\n.elementor-widget-image{text-align:center}.elementor-widget-image a{display:inline-block}.elementor-widget-image a img[src$=\".svg\"]{width:48px}.elementor-widget-image img{vertical-align:middle;display:inline-block}<\/style>\t\t\t\t\t\t\t\t\t\t\t\t<img decoding=\"async\" width=\"266\" height=\"400\" src=\"http:\/\/roger.projects.uvt.ro\/wp-content\/uploads\/2023\/03\/Coperta-Springer.jpg\" class=\"attachment-full size-full wp-image-1533\" alt=\"\" loading=\"lazy\" srcset=\"http:\/\/roger.projects.uvt.ro\/wp-content\/uploads\/2023\/03\/Coperta-Springer.jpg 266w, http:\/\/roger.projects.uvt.ro\/wp-content\/uploads\/2023\/03\/Coperta-Springer-200x300.jpg 200w\" sizes=\"(max-width: 266px) 100vw, 266px\" \/>\t\t\t\t\t\t\t\t\t\t\t\t\t\t\t<\/div>\n\t\t\t\t<\/div>\n\t\t\t\t<div class=\"elementor-element elementor-element-a5b7bfb elementor-widget elementor-widget-text-editor\" data-id=\"a5b7bfb\" data-element_type=\"widget\" data-widget_type=\"text-editor.default\">\n\t\t\t\t<div class=\"elementor-widget-container\">\n\t\t\t\t\t\t\t<p><span style=\"color: var( --e-global-color-text ); font-family: var( --e-global-typography-text-font-family ), Sans-serif; font-weight: var( --e-global-typography-text-font-weight ); font-size: 1rem;\">Informatii despre carte:<\/span><\/p><p>Informa\u021bii despre con\u021binut\u00a0<a href=\"https:\/\/link.springer.com\/book\/10.1007\/978-3-319-95198-0#toc\" target=\"_blank\" rel=\"noopener\">aici<\/a>.<\/p><p>Editori:<br \/>M\u0103d\u0103lina Chitez<br \/>Claudia Ioana Doroholschi<br \/>Otto Kruse<br \/>\u0141ukasz Salski<br \/>Dumitru Tucan<\/p><p>Referinte:<br \/>Chitez, M., Doroholschi, C. I., Kruse, O., Salski, \u0141., &amp; Tucan, D. (eds.).\u00a0(2018).\u00a0<em>University Writing in Central and Eastern Europe: Tradition, Transition, and Innovation<\/em>. Cham, Switzerland: Springer.<\/p><p>DOI<br \/>https:\/\/doi.org\/10.1007\/978-3-319-95198-0<\/p><p>Copyright<br \/>Springer Nature Switzerland AG 2018<\/p><p>Editura<br \/>Springer, Cham<\/p><p>Pachetul eBook<br \/>Education<\/p><p>Print ISBN<br \/>978-3-319-95197-3<\/p><p>Online ISBN<br \/>978-3-319-95198-0<\/p><p>Series Print ISSN<br \/>2213-3208<\/p><p>Series Online ISSN<br \/>2213-3216<\/p>\t\t\t\t\t\t<\/div>\n\t\t\t\t<\/div>\n\t\t\t\t\t<\/div>\n\t\t<\/div>\n\t\t\t\t\t\t\t<\/div>\n\t\t<\/section>\n\t\t\t\t<section class=\"elementor-section elementor-top-section elementor-element elementor-element-8204da8 elementor-section-boxed elementor-section-height-default elementor-section-height-default\" data-id=\"8204da8\" data-element_type=\"section\">\n\t\t\t\t\t\t<div class=\"elementor-container elementor-column-gap-default\">\n\t\t\t\t\t<div class=\"elementor-column elementor-col-100 elementor-top-column elementor-element elementor-element-a862c96\" data-id=\"a862c96\" data-element_type=\"column\">\n\t\t\t<div class=\"elementor-widget-wrap elementor-element-populated\">\n\t\t\t\t\t\t\t\t<div class=\"elementor-element elementor-element-e37d9b8 elementor-post-navigation-borders-yes elementor-widget elementor-widget-post-navigation\" data-id=\"e37d9b8\" data-element_type=\"widget\" data-widget_type=\"post-navigation.default\">\n\t\t\t\t<div class=\"elementor-widget-container\">\n\t\t\t<link rel=\"stylesheet\" href=\"http:\/\/roger.projects.uvt.ro\/wp-content\/plugins\/elementor-pro\/assets\/css\/widget-theme-elements.min.css\">\t\t<div class=\"elementor-post-navigation\">\n\t\t\t<div class=\"elementor-post-navigation__prev elementor-post-navigation__link\">\n\t\t\t\t<a href=\"http:\/\/roger.projects.uvt.ro\/ro\/august-2018-participare-conferinta-antwerp-belgia\/\" rel=\"prev\"><span class=\"post-navigation__arrow-wrapper post-navigation__arrow-prev\"><i class=\"fa fa-angle-left\" aria-hidden=\"true\"><\/i><span class=\"elementor-screen-only\">Prev<\/span><\/span><span class=\"elementor-post-navigation__link__prev\"><span class=\"post-navigation__prev--label\">Previous<\/span><span class=\"post-navigation__prev--title\">August 2018, Conferin\u021ba SIG writing 2018, Antwerpen, Belgia<\/span><\/span><\/a>\t\t\t<\/div>\n\t\t\t\t\t\t\t<div class=\"elementor-post-navigation__separator-wrapper\">\n\t\t\t\t\t<div class=\"elementor-post-navigation__separator\"><\/div>\n\t\t\t\t<\/div>\n\t\t\t\t\t\t<div class=\"elementor-post-navigation__next elementor-post-navigation__link\">\n\t\t\t\t<a href=\"http:\/\/roger.projects.uvt.ro\/ro\/septembrie-2018-participare-scoala-de-toamna-thessaloniki-grecia\/\" rel=\"next\"><span class=\"elementor-post-navigation__link__next\"><span class=\"post-navigation__next--label\">Next<\/span><span class=\"post-navigation__next--title\">Septembrie 2018, participare Scoala de Toamna, Thessaloniki, Grecia<\/span><\/span><span class=\"post-navigation__arrow-wrapper post-navigation__arrow-next\"><i class=\"fa fa-angle-right\" aria-hidden=\"true\"><\/i><span class=\"elementor-screen-only\">Next<\/span><\/span><\/a>\t\t\t<\/div>\n\t\t<\/div>\n\t\t\t\t<\/div>\n\t\t\t\t<\/div>\n\t\t\t\t\t<\/div>\n\t\t<\/div>\n\t\t\t\t\t\t\t<\/div>\n\t\t<\/section>\n\t\t\t\t\t\t\t<\/div>\n\t\t","protected":false},"excerpt":{"rendered":"<p>\u00cen septembrie 2018, un volum de scriere academic\u0103 \u00een Europa Central\u0103 \u0219i de Est, editat de trei membri ai echipei ROGER (Madalina Chitez, Claudia Doroholschi \u0219i Otto Kruse) \u0219i al\u021bi doi colegi, Dumitru Tucan, de asemenea de la UVT, \u0219i \u0141ukasz Salski din Polonia, a fost publicat\u0103 de prestigioasa editura Springer International Publishing:\u00a0University Writing in [&hellip;]<\/p>\n","protected":false},"author":3,"featured_media":0,"comment_status":"open","ping_status":"open","sticky":false,"template":"elementor_header_footer","format":"standard","meta":[],"categories":[5],"tags":[],"_links":{"self":[{"href":"http:\/\/roger.projects.uvt.ro\/ro\/wp-json\/wp\/v2\/posts\/800"}],"collection":[{"href":"http:\/\/roger.projects.uvt.ro\/ro\/wp-json\/wp\/v2\/posts"}],"about":[{"href":"http:\/\/roger.projects.uvt.ro\/ro\/wp-json\/wp\/v2\/types\/post"}],"author":[{"embeddable":true,"href":"http:\/\/roger.projects.uvt.ro\/ro\/wp-json\/wp\/v2\/users\/3"}],"replies":[{"embeddable":true,"href":"http:\/\/roger.projects.uvt.ro\/ro\/wp-json\/wp\/v2\/comments?post=800"}],"version-history":[{"count":10,"href":"http:\/\/roger.projects.uvt.ro\/ro\/wp-json\/wp\/v2\/posts\/800\/revisions"}],"predecessor-version":[{"id":1539,"href":"http:\/\/roger.projects.uvt.ro\/ro\/wp-json\/wp\/v2\/posts\/800\/revisions\/1539"}],"wp:attachment":[{"href":"http:\/\/roger.projects.uvt.ro\/ro\/wp-json\/wp\/v2\/media?parent=800"}],"wp:term":[{"taxonomy":"category","embeddable":true,"href":"http:\/\/roger.projects.uvt.ro\/ro\/wp-json\/wp\/v2\/categories?post=800"},{"taxonomy":"post_tag","embeddable":true,"href":"http:\/\/roger.projects.uvt.ro\/ro\/wp-json\/wp\/v2\/tags?post=800"}],"curies":[{"name":"wp","href":"https:\/\/api.w.org\/{rel}","templated":true}]}}