{"id":802,"date":"2019-08-07T08:06:12","date_gmt":"2019-08-07T08:06:12","guid":{"rendered":"http:\/\/roger.projects.uvt.ro\/?p=802"},"modified":"2023-03-23T12:56:17","modified_gmt":"2023-03-23T12:56:17","slug":"10-12-aprilie-2019-participare-la-trainingul-eln-training-school-on-text-quality-assessment-current-digital-methods-and-rating-practices-winterthur-elvetia","status":"publish","type":"post","link":"http:\/\/roger.projects.uvt.ro\/ro\/10-12-aprilie-2019-participare-la-trainingul-eln-training-school-on-text-quality-assessment-current-digital-methods-and-rating-practices-winterthur-elvetia\/","title":{"rendered":"Aprilie 2019, participare la trainingul ELN: Training School on Text Quality Assessment: Current Digital Methods and Rating Practices, Winterthur, Elve\u021bia"},"content":{"rendered":"\t\t<div data-elementor-type=\"wp-post\" data-elementor-id=\"802\" class=\"elementor elementor-802\">\n\t\t\t\t\t\t\t\t\t<section class=\"elementor-section elementor-top-section elementor-element elementor-element-d55d4ee elementor-section-boxed elementor-section-height-default elementor-section-height-default\" data-id=\"d55d4ee\" data-element_type=\"section\">\n\t\t\t\t\t\t<div class=\"elementor-container elementor-column-gap-default\">\n\t\t\t\t\t<div class=\"elementor-column elementor-col-100 elementor-top-column elementor-element elementor-element-abaf6a3\" data-id=\"abaf6a3\" data-element_type=\"column\">\n\t\t\t<div class=\"elementor-widget-wrap elementor-element-populated\">\n\t\t\t\t\t\t\t\t<div class=\"elementor-element elementor-element-a5b7bfb elementor-widget elementor-widget-text-editor\" data-id=\"a5b7bfb\" data-element_type=\"widget\" data-widget_type=\"text-editor.default\">\n\t\t\t\t<div class=\"elementor-widget-container\">\n\t\t\t<style>\/*! elementor - v3.11.2 - 22-02-2023 *\/\n.elementor-widget-text-editor.elementor-drop-cap-view-stacked .elementor-drop-cap{background-color:#818a91;color:#fff}.elementor-widget-text-editor.elementor-drop-cap-view-framed .elementor-drop-cap{color:#818a91;border:3px solid;background-color:transparent}.elementor-widget-text-editor:not(.elementor-drop-cap-view-default) .elementor-drop-cap{margin-top:8px}.elementor-widget-text-editor:not(.elementor-drop-cap-view-default) .elementor-drop-cap-letter{width:1em;height:1em}.elementor-widget-text-editor .elementor-drop-cap{float:left;text-align:center;line-height:1;font-size:50px}.elementor-widget-text-editor .elementor-drop-cap-letter{display:inline-block}<\/style>\t\t\t\t<p>\u00cen perioada 10-12 aprilie 2019, unul dintre membrii echipei ROGER a participat la\u00a0<strong><em>Training School on Text Quality Assessment: Current Digital Methods and Rating Practices<\/em><\/strong>\u00a0din cadrul ac\u021biunii COST ELN (European Literacy Network), desf\u0103\u0219urat \u00een Winterthur, Elve\u021bia.<\/p><p>Av\u00e2nd \u00een vedere c\u0103 ROGER urm\u0103re\u0219te dezvoltarea unei metodologii de analiz\u0103 a genurilor academice la universit\u0103\u021bile din Rom\u00e2nia, dintr-o perspectiv\u0103 contrastiv\u0103, practicile de evaluare a calit\u0103\u021bii textului sunt extrem de importante pentru a \u00een\u021belege ce \u0219i cum scriu studen\u021bii din mediul academic rom\u00e2nesc, at\u00e2t \u00een englez\u0103, c\u00e2t \u0219i rom\u00e2n\u0103. Practicile \u0219i abilit\u0103\u021bile de scriere, structurile lingvistice specifice utilizate \u00een genurile academice sunt c\u00e2teva dintre aspectele studiate \u00een cadrul acestei cercet\u0103ri bazate pe corpura. Trainingul ELN a oferit mai multe abord\u0103ri pentru evaluarea calit\u0103\u021bii textului, o introducere \u00een instrumentele \u0219i criteriile de evaluare, dar \u0219i \u00een practicile de codare a textelor.<\/p><p>Roxana Rogobete a primit un grant pentru a participa la aceast\u0103 activitate, dup\u0103 ce a conceput o propunere de proiect derivat\u0103 din volumul publicat \u00een 2019, variant\u0103 augmentat\u0103 a tezei doctorale:\u00a0<em>Literatura migrant\u0103 \u00een spa<\/em><em>\u021biul de limb\u0103 german\u0103. Lista Chamisso. M\u0103rirea \u0219i dec\u0103derea unui portret de grup<\/em>. Volumul a fost publicat la Editura Universit\u0103\u021bii de Vest \u0219i a fost lansat la t\u00e2rgurile interna\u021bionale de carte Bookfest de la Timi\u0219oara (5 aprilie 2019) \u0219i Bucure\u0219ti (30 mai 2019).<\/p><p>Mai multe informa\u021bii despre ac\u021biunea COST ELN\u00a0<a href=\"https:\/\/www.is1401eln.eu\/en\/\" target=\"_blank\" rel=\"noopener noreferrer\">aici<\/a>.<\/p>\t\t\t\t\t\t<\/div>\n\t\t\t\t<\/div>\n\t\t\t\t\t<\/div>\n\t\t<\/div>\n\t\t\t\t\t\t\t<\/div>\n\t\t<\/section>\n\t\t\t\t<section class=\"elementor-section elementor-top-section elementor-element elementor-element-8204da8 elementor-section-boxed elementor-section-height-default elementor-section-height-default\" data-id=\"8204da8\" data-element_type=\"section\">\n\t\t\t\t\t\t<div class=\"elementor-container elementor-column-gap-default\">\n\t\t\t\t\t<div class=\"elementor-column elementor-col-100 elementor-top-column elementor-element elementor-element-a862c96\" data-id=\"a862c96\" data-element_type=\"column\">\n\t\t\t<div class=\"elementor-widget-wrap elementor-element-populated\">\n\t\t\t\t\t\t\t\t<div class=\"elementor-element elementor-element-e37d9b8 elementor-post-navigation-borders-yes elementor-widget elementor-widget-post-navigation\" data-id=\"e37d9b8\" data-element_type=\"widget\" data-widget_type=\"post-navigation.default\">\n\t\t\t\t<div class=\"elementor-widget-container\">\n\t\t\t<link rel=\"stylesheet\" href=\"http:\/\/roger.projects.uvt.ro\/wp-content\/plugins\/elementor-pro\/assets\/css\/widget-theme-elements.min.css\">\t\t<div class=\"elementor-post-navigation\">\n\t\t\t<div class=\"elementor-post-navigation__prev elementor-post-navigation__link\">\n\t\t\t\t<a href=\"http:\/\/roger.projects.uvt.ro\/ro\/iulie-2019-workshop-digital-humanities-cornell-sua\/\" rel=\"prev\"><span class=\"post-navigation__arrow-wrapper post-navigation__arrow-prev\"><i class=\"fa fa-angle-left\" aria-hidden=\"true\"><\/i><span class=\"elementor-screen-only\">Prev<\/span><\/span><span class=\"elementor-post-navigation__link__prev\"><span class=\"post-navigation__prev--label\">Previous<\/span><span class=\"post-navigation__prev--title\">Iulie 2019, Workshop Digital Humanities, Cornell, SUA<\/span><\/span><\/a>\t\t\t<\/div>\n\t\t\t\t\t\t\t<div class=\"elementor-post-navigation__separator-wrapper\">\n\t\t\t\t\t<div class=\"elementor-post-navigation__separator\"><\/div>\n\t\t\t\t<\/div>\n\t\t\t\t\t\t<div class=\"elementor-post-navigation__next elementor-post-navigation__link\">\n\t\t\t\t<a href=\"http:\/\/roger.projects.uvt.ro\/ro\/august-2019-eurocall-louvain-la-neuve-belgia\/\" rel=\"next\"><span class=\"elementor-post-navigation__link__next\"><span class=\"post-navigation__next--label\">Next<\/span><span class=\"post-navigation__next--title\">August 2019, EUROCALL, Louvain-la-Neuve, Belgia<\/span><\/span><span class=\"post-navigation__arrow-wrapper post-navigation__arrow-next\"><i class=\"fa fa-angle-right\" aria-hidden=\"true\"><\/i><span class=\"elementor-screen-only\">Next<\/span><\/span><\/a>\t\t\t<\/div>\n\t\t<\/div>\n\t\t\t\t<\/div>\n\t\t\t\t<\/div>\n\t\t\t\t\t<\/div>\n\t\t<\/div>\n\t\t\t\t\t\t\t<\/div>\n\t\t<\/section>\n\t\t\t\t\t\t\t<\/div>\n\t\t","protected":false},"excerpt":{"rendered":"<p>\u00cen perioada 10-12 aprilie 2019, unul dintre membrii echipei ROGER a participat la&nbsp;Training School on Text Quality Assessment: Current Digital Methods and Rating Practices&nbsp;din cadrul ac\u021biunii COST ELN (European Literacy Network), desf\u0103\u0219urat \u00een Winterthur, Elve\u021bia. Av\u00e2nd \u00een vedere c\u0103 ROGER urm\u0103re\u0219te dezvoltarea unei metodologii de analiz\u0103 a genurilor academice la universit\u0103\u021bile din Rom\u00e2nia, dintr-o perspectiv\u0103 [&hellip;]<\/p>\n","protected":false},"author":3,"featured_media":0,"comment_status":"open","ping_status":"open","sticky":false,"template":"elementor_header_footer","format":"standard","meta":[],"categories":[5],"tags":[],"_links":{"self":[{"href":"http:\/\/roger.projects.uvt.ro\/ro\/wp-json\/wp\/v2\/posts\/802"}],"collection":[{"href":"http:\/\/roger.projects.uvt.ro\/ro\/wp-json\/wp\/v2\/posts"}],"about":[{"href":"http:\/\/roger.projects.uvt.ro\/ro\/wp-json\/wp\/v2\/types\/post"}],"author":[{"embeddable":true,"href":"http:\/\/roger.projects.uvt.ro\/ro\/wp-json\/wp\/v2\/users\/3"}],"replies":[{"embeddable":true,"href":"http:\/\/roger.projects.uvt.ro\/ro\/wp-json\/wp\/v2\/comments?post=802"}],"version-history":[{"count":5,"href":"http:\/\/roger.projects.uvt.ro\/ro\/wp-json\/wp\/v2\/posts\/802\/revisions"}],"predecessor-version":[{"id":1686,"href":"http:\/\/roger.projects.uvt.ro\/ro\/wp-json\/wp\/v2\/posts\/802\/revisions\/1686"}],"wp:attachment":[{"href":"http:\/\/roger.projects.uvt.ro\/ro\/wp-json\/wp\/v2\/media?parent=802"}],"wp:term":[{"taxonomy":"category","embeddable":true,"href":"http:\/\/roger.projects.uvt.ro\/ro\/wp-json\/wp\/v2\/categories?post=802"},{"taxonomy":"post_tag","embeddable":true,"href":"http:\/\/roger.projects.uvt.ro\/ro\/wp-json\/wp\/v2\/tags?post=802"}],"curies":[{"name":"wp","href":"https:\/\/api.w.org\/{rel}","templated":true}]}}