{"id":818,"date":"2019-05-07T08:09:24","date_gmt":"2019-05-07T08:09:24","guid":{"rendered":"http:\/\/roger.projects.uvt.ro\/?p=818"},"modified":"2023-03-07T11:12:02","modified_gmt":"2023-03-07T11:12:02","slug":"mai-2019-intalnire-de-lucru-in-romania-a-retelei-qualint","status":"publish","type":"post","link":"http:\/\/roger.projects.uvt.ro\/ro\/mai-2019-intalnire-de-lucru-in-romania-a-retelei-qualint\/","title":{"rendered":"Mai 2019, \u00eent\u00e2lnire de lucru \u00een Rom\u00e2nia a Re\u021belei QUALINT"},"content":{"rendered":"\t\t<div data-elementor-type=\"wp-post\" data-elementor-id=\"818\" class=\"elementor elementor-818\">\n\t\t\t\t\t\t\t\t\t<section class=\"elementor-section elementor-top-section elementor-element elementor-element-d55d4ee elementor-section-boxed elementor-section-height-default elementor-section-height-default\" data-id=\"d55d4ee\" data-element_type=\"section\">\n\t\t\t\t\t\t<div class=\"elementor-container elementor-column-gap-default\">\n\t\t\t\t\t<div class=\"elementor-column elementor-col-100 elementor-top-column elementor-element elementor-element-abaf6a3\" data-id=\"abaf6a3\" data-element_type=\"column\">\n\t\t\t<div class=\"elementor-widget-wrap elementor-element-populated\">\n\t\t\t\t\t\t\t\t<div class=\"elementor-element elementor-element-a5b7bfb elementor-widget elementor-widget-text-editor\" data-id=\"a5b7bfb\" data-element_type=\"widget\" data-widget_type=\"text-editor.default\">\n\t\t\t\t<div class=\"elementor-widget-container\">\n\t\t\t<style>\/*! elementor - v3.11.2 - 22-02-2023 *\/\n.elementor-widget-text-editor.elementor-drop-cap-view-stacked .elementor-drop-cap{background-color:#818a91;color:#fff}.elementor-widget-text-editor.elementor-drop-cap-view-framed .elementor-drop-cap{color:#818a91;border:3px solid;background-color:transparent}.elementor-widget-text-editor:not(.elementor-drop-cap-view-default) .elementor-drop-cap{margin-top:8px}.elementor-widget-text-editor:not(.elementor-drop-cap-view-default) .elementor-drop-cap-letter{width:1em;height:1em}.elementor-widget-text-editor .elementor-drop-cap{float:left;text-align:center;line-height:1;font-size:50px}.elementor-widget-text-editor .elementor-drop-cap-letter{display:inline-block}<\/style>\t\t\t\t<p>\u00cen perioada 9-10 mai 2019, a avut loc \u00eent\u00e2lnirea re\u021belei QUALINT (<em>Partnership for Quality Improvement in Internationalization of Higher Education<\/em>), eveniment organizat de echipa proiectului de cercetare ROGER, \u00een desf\u0103\u0219urare la Facultatea de Litere, Istorie \u0219i Teologie. Evenimentul a \u00eentrunit parteneri din Elve\u021bia, Austria \u0219i Spania. \u00cempreun\u0103 cu reprezentan\u021bii UVT, ace\u0219tia au discutat teme legate de m\u0103surarea \u0219i \u00eembun\u0103t\u0103\u021birea calit\u0103\u021bii programelor de \u00eenv\u0103\u021b\u0103m\u00e2nt universitare interna\u021bionale.\u00a0 \u00a0 \u00a0 \u00a0 \u00a0 \u00a0 \u00a0 \u00a0 \u00a0 \u00a0 \u00a0 \u00a0\u00a0<\/p>\t\t\t\t\t\t<\/div>\n\t\t\t\t<\/div>\n\t\t\t\t<div class=\"elementor-element elementor-element-55e2ebd elementor-widget elementor-widget-heading\" data-id=\"55e2ebd\" data-element_type=\"widget\" data-widget_type=\"heading.default\">\n\t\t\t\t<div class=\"elementor-widget-container\">\n\t\t\t<style>\/*! elementor - v3.11.2 - 22-02-2023 *\/\n.elementor-heading-title{padding:0;margin:0;line-height:1}.elementor-widget-heading .elementor-heading-title[class*=elementor-size-]>a{color:inherit;font-size:inherit;line-height:inherit}.elementor-widget-heading .elementor-heading-title.elementor-size-small{font-size:15px}.elementor-widget-heading .elementor-heading-title.elementor-size-medium{font-size:19px}.elementor-widget-heading .elementor-heading-title.elementor-size-large{font-size:29px}.elementor-widget-heading .elementor-heading-title.elementor-size-xl{font-size:39px}.elementor-widget-heading .elementor-heading-title.elementor-size-xxl{font-size:59px}<\/style><p class=\"elementor-heading-title elementor-size-default\">Afis eveniment:<\/p>\t\t<\/div>\n\t\t\t\t<\/div>\n\t\t\t\t<div class=\"elementor-element elementor-element-91c2f12 elementor-widget elementor-widget-image\" data-id=\"91c2f12\" data-element_type=\"widget\" data-widget_type=\"image.default\">\n\t\t\t\t<div class=\"elementor-widget-container\">\n\t\t\t<style>\/*! elementor - v3.11.2 - 22-02-2023 *\/\n.elementor-widget-image{text-align:center}.elementor-widget-image a{display:inline-block}.elementor-widget-image a img[src$=\".svg\"]{width:48px}.elementor-widget-image img{vertical-align:middle;display:inline-block}<\/style>\t\t\t\t\t\t\t\t\t\t\t\t<img decoding=\"async\" width=\"216\" height=\"300\" src=\"http:\/\/roger.projects.uvt.ro\/wp-content\/uploads\/2023\/03\/mai2019afis-216x300-2.jpg\" class=\"attachment-medium size-medium wp-image-859\" alt=\"\" loading=\"lazy\" \/>\t\t\t\t\t\t\t\t\t\t\t\t\t\t\t<\/div>\n\t\t\t\t<\/div>\n\t\t\t\t<div class=\"elementor-element elementor-element-afb6f4a elementor-widget elementor-widget-text-editor\" data-id=\"afb6f4a\" data-element_type=\"widget\" data-widget_type=\"text-editor.default\">\n\t\t\t\t<div class=\"elementor-widget-container\">\n\t\t\t\t\t\t\t<p>Printre temele discutate s-au num\u0103rat competen\u021bele lingvistice ale studen\u021bilor \u0219i lectorilor care studiaz\u0103, respectiv predau, \u00een limba englez\u0103 (<em>English Medium Instruction<\/em>) \u00een diverse discipline \u0219i programe de studii, analiza tipologiilor de programe de studiu interna\u021bionale, dezvoltarea \u0219i certificarea competen\u021belor interculturale, dar \u0219i leg\u0103tura acestora cu pia\u021ba muncii. Colegii de la Universitatea din Berna au exprimat deschidere la ideea prelu\u0103rii \u0219i adapt\u0103rii certificatului dezvoltat \u0219i implementat la nivelul universit\u0103\u021bii d-lor,\u00a0<em>Certificate of Global Competences\u00a0<\/em>de c\u0103tre UVT.<\/p>\t\t\t\t\t\t<\/div>\n\t\t\t\t<\/div>\n\t\t\t\t<div class=\"elementor-element elementor-element-234362e elementor-widget elementor-widget-image\" data-id=\"234362e\" data-element_type=\"widget\" data-widget_type=\"image.default\">\n\t\t\t\t<div class=\"elementor-widget-container\">\n\t\t\t\t\t\t\t\t\t\t\t\t\t\t\t<img decoding=\"async\" width=\"768\" height=\"575\" src=\"http:\/\/roger.projects.uvt.ro\/wp-content\/uploads\/2023\/03\/mai19a-768x575-2.jpg\" class=\"attachment-large size-large wp-image-876\" alt=\"\" loading=\"lazy\" srcset=\"http:\/\/roger.projects.uvt.ro\/wp-content\/uploads\/2023\/03\/mai19a-768x575-2.jpg 768w, http:\/\/roger.projects.uvt.ro\/wp-content\/uploads\/2023\/03\/mai19a-768x575-2-300x225.jpg 300w\" sizes=\"(max-width: 768px) 100vw, 768px\" \/>\t\t\t\t\t\t\t\t\t\t\t\t\t\t\t<\/div>\n\t\t\t\t<\/div>\n\t\t\t\t<div class=\"elementor-element elementor-element-fcc349f elementor-widget elementor-widget-text-editor\" data-id=\"fcc349f\" data-element_type=\"widget\" data-widget_type=\"text-editor.default\">\n\t\t\t\t<div class=\"elementor-widget-container\">\n\t\t\t\t\t\t\t<p><u>Autori articol:<br \/><\/u>Loredana Bercuci<br \/>M\u0103d\u0103lina Chitez<br \/>Andreea Dinc\u0103<\/p>\t\t\t\t\t\t<\/div>\n\t\t\t\t<\/div>\n\t\t\t\t\t<\/div>\n\t\t<\/div>\n\t\t\t\t\t\t\t<\/div>\n\t\t<\/section>\n\t\t\t\t<section class=\"elementor-section elementor-top-section elementor-element elementor-element-8204da8 elementor-section-boxed elementor-section-height-default elementor-section-height-default\" data-id=\"8204da8\" data-element_type=\"section\">\n\t\t\t\t\t\t<div class=\"elementor-container elementor-column-gap-default\">\n\t\t\t\t\t<div class=\"elementor-column elementor-col-100 elementor-top-column elementor-element elementor-element-a862c96\" data-id=\"a862c96\" data-element_type=\"column\">\n\t\t\t<div class=\"elementor-widget-wrap elementor-element-populated\">\n\t\t\t\t\t\t\t\t<div class=\"elementor-element elementor-element-e37d9b8 elementor-post-navigation-borders-yes elementor-widget elementor-widget-post-navigation\" data-id=\"e37d9b8\" data-element_type=\"widget\" data-widget_type=\"post-navigation.default\">\n\t\t\t\t<div class=\"elementor-widget-container\">\n\t\t\t<link rel=\"stylesheet\" href=\"http:\/\/roger.projects.uvt.ro\/wp-content\/plugins\/elementor-pro\/assets\/css\/widget-theme-elements.min.css\">\t\t<div class=\"elementor-post-navigation\">\n\t\t\t<div class=\"elementor-post-navigation__prev elementor-post-navigation__link\">\n\t\t\t\t<a href=\"http:\/\/roger.projects.uvt.ro\/ro\/martie-2019-lansarea-platformei-resuph-si-a-volumului-university-writing-in-central-and-eastern-europe-tradition-transition-and-innovation-springer-2018\/\" rel=\"prev\"><span class=\"post-navigation__arrow-wrapper post-navigation__arrow-prev\"><i class=\"fa fa-angle-left\" aria-hidden=\"true\"><\/i><span class=\"elementor-screen-only\">Prev<\/span><\/span><span class=\"elementor-post-navigation__link__prev\"><span class=\"post-navigation__prev--label\">Previous<\/span><span class=\"post-navigation__prev--title\">Martie 2019: Lansarea platformei RESUPH \u0219i a volumului University Writing in Central and Eastern Europe: Tradition, Transition, and Innovation (Springer, 2018)<\/span><\/span><\/a>\t\t\t<\/div>\n\t\t\t\t\t\t\t<div class=\"elementor-post-navigation__separator-wrapper\">\n\t\t\t\t\t<div class=\"elementor-post-navigation__separator\"><\/div>\n\t\t\t\t<\/div>\n\t\t\t\t\t\t<div class=\"elementor-post-navigation__next elementor-post-navigation__link\">\n\t\t\t\t<a href=\"http:\/\/roger.projects.uvt.ro\/ro\/iunie-2019-participare-scoala-de-vara-language-learning-teaching-and-testing-lancaster-university-anglia\/\" rel=\"next\"><span class=\"elementor-post-navigation__link__next\"><span class=\"post-navigation__next--label\">Next<\/span><span class=\"post-navigation__next--title\">Iunie 2019, Participare \u0219coal\u0103 de var\u0103 Language learning teaching and testing, Lancaster University, Anglia<\/span><\/span><span class=\"post-navigation__arrow-wrapper post-navigation__arrow-next\"><i class=\"fa fa-angle-right\" aria-hidden=\"true\"><\/i><span class=\"elementor-screen-only\">Next<\/span><\/span><\/a>\t\t\t<\/div>\n\t\t<\/div>\n\t\t\t\t<\/div>\n\t\t\t\t<\/div>\n\t\t\t\t\t<\/div>\n\t\t<\/div>\n\t\t\t\t\t\t\t<\/div>\n\t\t<\/section>\n\t\t\t\t\t\t\t<\/div>\n\t\t","protected":false},"excerpt":{"rendered":"<p>\u00cen perioada 9-10 mai 2019, a avut loc \u00eent\u00e2lnirea re\u021belei QUALINT (Partnership for Quality Improvement in Internationalization of Higher Education), eveniment organizat de echipa proiectului de cercetare ROGER, \u00een desf\u0103\u0219urare la Facultatea de Litere, Istorie \u0219i Teologie. Evenimentul a \u00eentrunit parteneri din Elve\u021bia, Austria \u0219i Spania. \u00cempreun\u0103 cu reprezentan\u021bii UVT, ace\u0219tia au discutat teme legate [&hellip;]<\/p>\n","protected":false},"author":3,"featured_media":0,"comment_status":"open","ping_status":"open","sticky":false,"template":"elementor_header_footer","format":"standard","meta":[],"categories":[5],"tags":[],"_links":{"self":[{"href":"http:\/\/roger.projects.uvt.ro\/ro\/wp-json\/wp\/v2\/posts\/818"}],"collection":[{"href":"http:\/\/roger.projects.uvt.ro\/ro\/wp-json\/wp\/v2\/posts"}],"about":[{"href":"http:\/\/roger.projects.uvt.ro\/ro\/wp-json\/wp\/v2\/types\/post"}],"author":[{"embeddable":true,"href":"http:\/\/roger.projects.uvt.ro\/ro\/wp-json\/wp\/v2\/users\/3"}],"replies":[{"embeddable":true,"href":"http:\/\/roger.projects.uvt.ro\/ro\/wp-json\/wp\/v2\/comments?post=818"}],"version-history":[{"count":4,"href":"http:\/\/roger.projects.uvt.ro\/ro\/wp-json\/wp\/v2\/posts\/818\/revisions"}],"predecessor-version":[{"id":882,"href":"http:\/\/roger.projects.uvt.ro\/ro\/wp-json\/wp\/v2\/posts\/818\/revisions\/882"}],"wp:attachment":[{"href":"http:\/\/roger.projects.uvt.ro\/ro\/wp-json\/wp\/v2\/media?parent=818"}],"wp:term":[{"taxonomy":"category","embeddable":true,"href":"http:\/\/roger.projects.uvt.ro\/ro\/wp-json\/wp\/v2\/categories?post=818"},{"taxonomy":"post_tag","embeddable":true,"href":"http:\/\/roger.projects.uvt.ro\/ro\/wp-json\/wp\/v2\/tags?post=818"}],"curies":[{"name":"wp","href":"https:\/\/api.w.org\/{rel}","templated":true}]}}