{"id":927,"date":"2019-08-07T08:30:25","date_gmt":"2019-08-07T08:30:25","guid":{"rendered":"http:\/\/roger.projects.uvt.ro\/?p=927"},"modified":"2023-03-07T11:12:22","modified_gmt":"2023-03-07T11:12:22","slug":"august-2019-eurocall-louvain-la-neuve-belgia","status":"publish","type":"post","link":"http:\/\/roger.projects.uvt.ro\/ro\/august-2019-eurocall-louvain-la-neuve-belgia\/","title":{"rendered":"August 2019, EUROCALL, Louvain-la-Neuve, Belgia"},"content":{"rendered":"\t\t<div data-elementor-type=\"wp-post\" data-elementor-id=\"927\" class=\"elementor elementor-927\">\n\t\t\t\t\t\t\t\t\t<section class=\"elementor-section elementor-top-section elementor-element elementor-element-d55d4ee elementor-section-boxed elementor-section-height-default elementor-section-height-default\" data-id=\"d55d4ee\" data-element_type=\"section\">\n\t\t\t\t\t\t<div class=\"elementor-container elementor-column-gap-default\">\n\t\t\t\t\t<div class=\"elementor-column elementor-col-100 elementor-top-column elementor-element elementor-element-abaf6a3\" data-id=\"abaf6a3\" data-element_type=\"column\">\n\t\t\t<div class=\"elementor-widget-wrap elementor-element-populated\">\n\t\t\t\t\t\t\t\t<div class=\"elementor-element elementor-element-a5b7bfb elementor-widget elementor-widget-text-editor\" data-id=\"a5b7bfb\" data-element_type=\"widget\" data-widget_type=\"text-editor.default\">\n\t\t\t\t<div class=\"elementor-widget-container\">\n\t\t\t<style>\/*! elementor - v3.11.2 - 22-02-2023 *\/\n.elementor-widget-text-editor.elementor-drop-cap-view-stacked .elementor-drop-cap{background-color:#818a91;color:#fff}.elementor-widget-text-editor.elementor-drop-cap-view-framed .elementor-drop-cap{color:#818a91;border:3px solid;background-color:transparent}.elementor-widget-text-editor:not(.elementor-drop-cap-view-default) .elementor-drop-cap{margin-top:8px}.elementor-widget-text-editor:not(.elementor-drop-cap-view-default) .elementor-drop-cap-letter{width:1em;height:1em}.elementor-widget-text-editor .elementor-drop-cap{float:left;text-align:center;line-height:1;font-size:50px}.elementor-widget-text-editor .elementor-drop-cap-letter{display:inline-block}<\/style>\t\t\t\t<p>EUROCALL 2019 \u2013\u00a0<em>CALL and Complexity<\/em>\u00a0a fost organizat\u0103 \u00eentre 28 \u0219i 31 august 2019, \u00een cadrul seriei de evenimente EUROCALL (<em>European Association for Computer-Assisted Language Learning<\/em>) \u0219i a fost g\u0103zduit\u0103 de Universitatea UCLouvain, din Louvain-la-Neuve, Belgia:<\/p><p>Mai multe informa\u021bii\u00a0<a href=\"https:\/\/sites.uclouvain.be\/eurocall2019\/\" target=\"_blank\" rel=\"noopener noreferrer\">aici<\/a>.<\/p><p>Dr Madalina Chitez a reprezentat Universitatea de Vest din Timisoara, Romania, \u0219i a prezentat lucrarea \u0219tiin\u021bific\u0103 (co-autor Dr Loredana Bercuci): \u201e\u00cenv\u0103\u021bare bazat\u0103 pe date \u00een cursurile ESP din contextul universitar din Rom\u00e2nia: abord\u0103ri multiple de consultare a corpusurilor ca suport de scriere academic\u0103\u201d (<em>Data-driven learning in ESP university settings in Romania: multiple corpus consultation approaches for academic writing support)<\/em>.<\/p><p><span lang=\"RO\">Rezumat:<\/span><\/p><p><span lang=\"RO\">Corpusurile lingvistice sunt resurse valoroase de \u00eenv\u0103\u021bare, sus\u021binute de tehnologie, care pot fi utilizate de cursan\u021bii autonomi de limbi moderne sau \u00een timpul lec\u021biilor de limbi \u00eendrumate de profesori. Acest studiu exploreaz\u0103 poten\u021bialul de consultare a corpusurilor lingvistice pentru \u00eembun\u0103t\u0103\u021birea abilit\u0103\u021bilor de scriere academic\u0103 a studen\u021bilor frecvent\u00e2nd cursuri ESP (engleza pe discipline de studiu). Am investigat efectele a trei tipuri de activit\u0103\u021bi de \u00eenv\u0103\u021bare bazate pe date (DDL) \u00een doua grupuri de prob\u0103 de 29 de studen\u021bi, din anul I \u0219i al II-lea , \u00eenscri\u0219i la sec\u021bia Geografia Turismului la o universitate rom\u00e2neasc\u0103; metodele constau \u00een realizarea sarcinilorde scriere cu ajutorul: unui corpus de limb\u0103 folosit\u0103 de non-nativi (LC), unui corpus de vorbitori nativi (NSC) \u0219i a un corpus bazat pe date web (WBC). Metodologia de cercetare implic\u0103 combinarea datelor cantitative \u0219i calitative, extrase din analizele pre- \u0219i post-interven\u021bie ale corpusului, cu rezultatele unui chestionar de satisfac\u021bie a cursantului. Rezultatele indic\u0103 o diferen\u021biere semnificativ\u0103 \u00een complexitatea caracteristicilor lexico-gramaticale utilizate de cursan\u021bi \u00een etapele de interven\u021bie \u0219i o mai bun\u0103 integrare a strategiilor de scriere academic\u0103 \u00een L2, reflectate de produc\u021biile lor scrise. Studiul livreaz\u0103 primele concluzii privind integrarea bazelor de date lingvistice procesate de calculator \u00een strategiile DDL pentru studen\u021bii ESP \u00een contextul universitar rom\u00e2nesc.<\/span><\/p><p>EN:<br \/><em>Corpora are valuable technology-supported learning resources to be used by the autonomous language learners or during teacher-guided lessons. This study explores the potential of corpus consultation approaches for the improvement of the ESP students\u2019 academic writing skills. We investigated the effects of three types of data-driven learning (DDL) activities in a sample group of 29 first-year and second-year students majoring in Geography for Tourism at a Romanian university, consisting of writing tasks supported by: a learner corpus (LC), a native-speaker corpus (NSC), and a web-based corpus (WBC). The research methodology involves the combination of quantitative and qualitative data, extracted from pre- and post-intervention corpus analyses, with the results of a learner-satisfaction questionnaire. The findings indicate a significant differentiation in the complexity of the lexico-grammatical features used by learners in consequent intervention stages and a better integration of L2-related academic writing strategies into their written productions. The study yields first conclusions on the integration of computer-processed language databases in DDL strategies for ESP learners in the Romanian university context.<\/em><\/p><p><span lang=\"RO\">Pasaje din prezentare:<\/span><\/p>\t\t\t\t\t\t<\/div>\n\t\t\t\t<\/div>\n\t\t\t\t\t<\/div>\n\t\t<\/div>\n\t\t\t\t\t\t\t<\/div>\n\t\t<\/section>\n\t\t\t\t<section class=\"elementor-section elementor-top-section elementor-element elementor-element-e98cee8 elementor-section-boxed elementor-section-height-default elementor-section-height-default\" data-id=\"e98cee8\" data-element_type=\"section\">\n\t\t\t\t\t\t<div class=\"elementor-container elementor-column-gap-default\">\n\t\t\t\t\t<div class=\"elementor-column elementor-col-100 elementor-top-column elementor-element elementor-element-df3ee1d\" data-id=\"df3ee1d\" data-element_type=\"column\">\n\t\t\t<div class=\"elementor-widget-wrap elementor-element-populated\">\n\t\t\t\t\t\t\t\t<div class=\"elementor-element elementor-element-b3e76f0 elementor-widget elementor-widget-text-editor\" data-id=\"b3e76f0\" data-element_type=\"widget\" data-widget_type=\"text-editor.default\">\n\t\t\t\t<div class=\"elementor-widget-container\">\n\t\t\t\t\t\t\t<p>Mai multe impresii\u00a0<a href=\"https:\/\/sites.uclouvain.be\/eurocall2019\/\" target=\"_blank\" rel=\"noopener noreferrer\">aici<\/a>\u00a0(Twitter).<\/p><p>\u00cen urma particip\u0103rii la conferin\u021b\u0103 (activit\u0103\u0163i de networking), echipa UVT a fost invitat\u0103 s\u0103 devin\u0103 membru al grupului CorpusCALL, dedicate cercet\u0103rii din domeniul \u00eenv\u0103\u021b\u0103rii de limbi prin metode asistate de calculator folosind rerursele lingvisticii de corpus.<\/p><p>Publica\u021bie:<\/p><p>Articolul care prezint\u0103 principalele rezultate ale lucr\u0103rii \u0219tiin\u021bifice a fost publicat aici:<\/p><p>Chitez, M. &amp; Bercuci, L. (2019). \u201eData-driven learning in ESP university settings in Romania: multiple corpus consultation approaches for academic writing support\u201d. In:\u00a0 F. Meunier, Van de Vyver, J.; Bradley, L. &amp; Thou\u00ebsny, S. (Eds). (2019).\u00a0CALL and complexity \u2013 short papers from EUROCALL 2019. Research-publishing.net. https:\/\/doi.org\/10.14705\/rpnet.2019.38.9782490057542<\/p>\t\t\t\t\t\t<\/div>\n\t\t\t\t<\/div>\n\t\t\t\t\t<\/div>\n\t\t<\/div>\n\t\t\t\t\t\t\t<\/div>\n\t\t<\/section>\n\t\t\t\t<section class=\"elementor-section elementor-top-section elementor-element elementor-element-8204da8 elementor-section-boxed elementor-section-height-default elementor-section-height-default\" data-id=\"8204da8\" data-element_type=\"section\">\n\t\t\t\t\t\t<div class=\"elementor-container elementor-column-gap-default\">\n\t\t\t\t\t<div class=\"elementor-column elementor-col-100 elementor-top-column elementor-element elementor-element-a862c96\" data-id=\"a862c96\" data-element_type=\"column\">\n\t\t\t<div class=\"elementor-widget-wrap elementor-element-populated\">\n\t\t\t\t\t\t\t\t<div class=\"elementor-element elementor-element-e37d9b8 elementor-post-navigation-borders-yes elementor-widget elementor-widget-post-navigation\" data-id=\"e37d9b8\" data-element_type=\"widget\" data-widget_type=\"post-navigation.default\">\n\t\t\t\t<div class=\"elementor-widget-container\">\n\t\t\t<link rel=\"stylesheet\" href=\"http:\/\/roger.projects.uvt.ro\/wp-content\/plugins\/elementor-pro\/assets\/css\/widget-theme-elements.min.css\">\t\t<div class=\"elementor-post-navigation\">\n\t\t\t<div class=\"elementor-post-navigation__prev elementor-post-navigation__link\">\n\t\t\t\t<a href=\"http:\/\/roger.projects.uvt.ro\/ro\/10-12-aprilie-2019-participare-la-trainingul-eln-training-school-on-text-quality-assessment-current-digital-methods-and-rating-practices-winterthur-elvetia\/\" rel=\"prev\"><span class=\"post-navigation__arrow-wrapper post-navigation__arrow-prev\"><i class=\"fa fa-angle-left\" aria-hidden=\"true\"><\/i><span class=\"elementor-screen-only\">Prev<\/span><\/span><span class=\"elementor-post-navigation__link__prev\"><span class=\"post-navigation__prev--label\">Previous<\/span><span class=\"post-navigation__prev--title\">Aprilie 2019, participare la trainingul ELN: Training School on Text Quality Assessment: Current Digital Methods and Rating Practices, Winterthur, Elve\u021bia<\/span><\/span><\/a>\t\t\t<\/div>\n\t\t\t\t\t\t\t<div class=\"elementor-post-navigation__separator-wrapper\">\n\t\t\t\t\t<div class=\"elementor-post-navigation__separator\"><\/div>\n\t\t\t\t<\/div>\n\t\t\t\t\t\t<div class=\"elementor-post-navigation__next elementor-post-navigation__link\">\n\t\t\t\t<a href=\"http:\/\/roger.projects.uvt.ro\/ro\/septembrie-2019-a-viii-a-conferinta-writing-analytics-winterthur-elvetia\/\" rel=\"next\"><span class=\"elementor-post-navigation__link__next\"><span class=\"post-navigation__next--label\">Next<\/span><span class=\"post-navigation__next--title\">Septembrie 2019, A VIII-a Conferin\u021b\u0103 Writing Analytics, Winterthur, Elve\u021bia<\/span><\/span><span class=\"post-navigation__arrow-wrapper post-navigation__arrow-next\"><i class=\"fa fa-angle-right\" aria-hidden=\"true\"><\/i><span class=\"elementor-screen-only\">Next<\/span><\/span><\/a>\t\t\t<\/div>\n\t\t<\/div>\n\t\t\t\t<\/div>\n\t\t\t\t<\/div>\n\t\t\t\t\t<\/div>\n\t\t<\/div>\n\t\t\t\t\t\t\t<\/div>\n\t\t<\/section>\n\t\t\t\t\t\t\t<\/div>\n\t\t","protected":false},"excerpt":{"rendered":"<p>EUROCALL 2019 \u2013\u00a0CALL and Complexity\u00a0a fost organizat\u0103 \u00eentre 28 \u0219i 31 august 2019, \u00een cadrul seriei de evenimente EUROCALL (European Association for Computer-Assisted Language Learning) \u0219i a fost g\u0103zduit\u0103 de Universitatea UCLouvain, din Louvain-la-Neuve, Belgia: Mai multe informa\u021bii\u00a0aici. Dr Madalina Chitez a reprezentat Universitatea de Vest din Timisoara, Romania, \u0219i a prezentat lucrarea \u0219tiin\u021bific\u0103 (co-autor [&hellip;]<\/p>\n","protected":false},"author":3,"featured_media":0,"comment_status":"open","ping_status":"open","sticky":false,"template":"elementor_header_footer","format":"standard","meta":[],"categories":[5],"tags":[],"_links":{"self":[{"href":"http:\/\/roger.projects.uvt.ro\/ro\/wp-json\/wp\/v2\/posts\/927"}],"collection":[{"href":"http:\/\/roger.projects.uvt.ro\/ro\/wp-json\/wp\/v2\/posts"}],"about":[{"href":"http:\/\/roger.projects.uvt.ro\/ro\/wp-json\/wp\/v2\/types\/post"}],"author":[{"embeddable":true,"href":"http:\/\/roger.projects.uvt.ro\/ro\/wp-json\/wp\/v2\/users\/3"}],"replies":[{"embeddable":true,"href":"http:\/\/roger.projects.uvt.ro\/ro\/wp-json\/wp\/v2\/comments?post=927"}],"version-history":[{"count":4,"href":"http:\/\/roger.projects.uvt.ro\/ro\/wp-json\/wp\/v2\/posts\/927\/revisions"}],"predecessor-version":[{"id":961,"href":"http:\/\/roger.projects.uvt.ro\/ro\/wp-json\/wp\/v2\/posts\/927\/revisions\/961"}],"wp:attachment":[{"href":"http:\/\/roger.projects.uvt.ro\/ro\/wp-json\/wp\/v2\/media?parent=927"}],"wp:term":[{"taxonomy":"category","embeddable":true,"href":"http:\/\/roger.projects.uvt.ro\/ro\/wp-json\/wp\/v2\/categories?post=927"},{"taxonomy":"post_tag","embeddable":true,"href":"http:\/\/roger.projects.uvt.ro\/ro\/wp-json\/wp\/v2\/tags?post=927"}],"curies":[{"name":"wp","href":"https:\/\/api.w.org\/{rel}","templated":true}]}}